{"id":122491,"date":"2021-07-27T07:39:39","date_gmt":"2021-07-27T11:39:39","guid":{"rendered":"https:\/\/linitiative.ca\/International\/premiere-edition-du-prix-mustaqbal-15-finalistes-selectionnes\/"},"modified":"2021-07-27T07:39:39","modified_gmt":"2021-07-27T11:39:39","slug":"premiere-edition-du-prix-mustaqbal-15-finalistes-selectionnes","status":"publish","type":"post","link":"https:\/\/linitiative.ca\/International\/premiere-edition-du-prix-mustaqbal-15-finalistes-selectionnes\/","title":{"rendered":"Premi\u00e8re \u00e9dition du Prix Mustaqbal :  15 finalistes s\u00e9lectionn\u00e9s"},"content":{"rendered":"<div>\n<p><img decoding=\"async\" width=\"300\" height=\"153\" src=\"https:\/\/linitiative.ca\/International\/wp-content\/uploads\/sites\/23\/2021\/07\/Prix-Mustaqbal-concours-de-jeune-creCC81ation-contemporaine-organiseCC81-par-la-Fondation-TGCC-300x153-1.jpg\" class=\"attachment-medium size-medium wp-post-image\" alt=\"\" loading=\"lazy\" srcset=\"\/\/aujourdhui.ma\/wp-content\/uploads\/2021\/07\/Prix-Mustaqbal-concours-de-jeune-cre\u0301ation-contemporaine-organise\u0301-par-la-Fondation-TGCC--300x153.jpg 300w, \/\/aujourdhui.ma\/wp-content\/uploads\/2021\/07\/Prix-Mustaqbal-concours-de-jeune-cre\u0301ation-contemporaine-organise\u0301-par-la-Fondation-TGCC--274x140.jpg 274w, \/\/aujourdhui.ma\/wp-content\/uploads\/2021\/07\/Prix-Mustaqbal-concours-de-jeune-cre\u0301ation-contemporaine-organise\u0301-par-la-Fondation-TGCC-.jpg 746w, \/\/aujourdhui.ma\/wp-content\/uploads\/2021\/07\/Prix-Mustaqbal-concours-de-jeune-cre\u0301ation-contemporaine-organise\u0301-par-la-Fondation-TGCC--165x84.jpg 165w, \/\/aujourdhui.ma\/wp-content\/uploads\/2021\/07\/Prix-Mustaqbal-concours-de-jeune-cre\u0301ation-contemporaine-organise\u0301-par-la-Fondation-TGCC--702x358.jpg 702w\" sizes=\"auto, (max-width: 300px) 100vw, 300px\"><\/p>\n<p><span style=\"font-size: 20px; color: #800000;\"><strong>C\u2019est un concours de jeune cr\u00e9ation contemporaine organis\u00e9 par la Fondation TGCC<\/strong> <\/span><br \/>\n<span id=\"more-382648\"><\/span><\/p>\n<p>Les laur\u00e9ats de la premi\u00e8re \u00e9dition du Prix Mustaqbal (concours de jeune cr\u00e9ation contemporaine), lanc\u00e9 en avril dernier par la Fondation TGCC, sont d\u00e9sormais connus. Au total, 15 artistes sont s\u00e9lectionn\u00e9s pour leurs travaux r\u00e9alis\u00e9s sous le th\u00e8me \u00abHier\u2013Aujourd\u2019hui\u2013 Demain\u00bb. On y trouve entres autres Amina Azreg. Cette jeune artiste casablancaise s\u2019axe essentiellement sur l\u2019observation attentive du monde qui l\u2019entoure. Influenc\u00e9e par ses recherches iconographiques et historiques autour du Maroc, elle recr\u00e9e des sc\u00e8nes de la vie quotidienne dans une qu\u00eate perp\u00e9tuelle d\u2019authenticit\u00e9.<\/p>\n<p>\u00abDans son \u0153uvre monumentale \u00abCasablanca, nid d\u2019espions\u00bb, Amina Azreg fige un \u00abCasablanca\u00bb oubli\u00e9, une composition all\u00e9gorique en m\u00e9moire de Dessigny, Zevaco ou encore Henry Prost\u00bb, indiquent les initiateurs. A ses c\u00f4t\u00e9s, on distingue le travail de Fatima Zahra Benhamza. Celle-ci vise \u00e0 approcher et \u00e0 analyser les conditions de mutabilit\u00e9 et s\u00e9dimentarit\u00e9 de la ville de Casablanca et leur interd\u00e9pendance \u00e0 la notion de temporalit\u00e9. Son travail graphique explore les futurs alternatifs de la m\u00e9tropole en corr\u00e9lation avec diff\u00e9rents pass\u00e9s et pr\u00e9sents auxquels on est confront\u00e9. \u00abEn s\u2019appuyant sur sa perception cognitive du pr\u00e9sent et pass\u00e9, Fatima Zahra se laisse guider par son imaginaire afin de construire les futurs alternatifs d\u2019une cit\u00e9 en effervescence\u00bb. A \u00e9galement \u00e9t\u00e9 retenu, le jeune artiste Nabil Boudarqa. Ses \u0153uvres m\u00ealent r\u00e9el et irr\u00e9el. Elles attirent et s\u00e9duisent le regard, transportent le spectateur dans un univers unique o\u00f9 chaque \u00e9l\u00e9ment suscite l\u2019int\u00e9r\u00eat. \u00abSes dessins \u00e0 connotation surr\u00e9aliste racontent une fragilit\u00e9 latente qui se manifeste \u00e0 travers la subtilit\u00e9 d\u2019une technique savamment \u00e9labor\u00e9e. Entre m\u00e9lancolie, angoisse et d\u00e9tresse, ses \u0153uvres racontent l\u2019intimit\u00e9 de l\u2019artiste qui se livre sans protection et laisse entrevoir les images qui l\u2019assaillent\u00bb, explique-t-on. Sur la liste figure \u00e9galement Yassine Chouati. La d\u00e9marche artistique de ce jeune tang\u00e9rois est consid\u00e9r\u00e9e comme un processus inachev\u00e9. \u00abN\u00e9e d\u2019un exercice d\u2019introspection et de compr\u00e9hension de soi, cette d\u00e9marche s\u2019int\u00e9resse \u00e0 l\u2019espace identitaire trouv\u00e9 dans le flou de vivre entre plusieurs cultures. \u00abJe r\u00e9fl\u00e9chis, \u00e9tudie et tente de comprendre comment cette exp\u00e9rience influence ma cr\u00e9ation artistique, notamment dans la production d\u2019images\u00bb, dit l\u2019artiste.<\/p>\n<p>Pour noter, ces laur\u00e9ats ont \u00e9t\u00e9 \u00e9valu\u00e9s par un jury compos\u00e9 de professionnels, en l\u2019occurrence les artistes Amina Benbouchta et Abdelk\u00e9bir Rabi\u2019, Meryem Bouzoubaa, pr\u00e9sidente de la Fondation TGCC, et Rim La\u00e2b, plasticienne, th\u00e9oricienne de l\u2019art et commissaire d\u2019exposition. Rappelons que le Prix Mustaqbal est n\u00e9 de l\u2019ambition de la Fondation TGCC de r\u00e9v\u00e9ler un artiste en devenir novateur et repr\u00e9sentatif de sa g\u00e9n\u00e9ration. Chaque ann\u00e9e la Fondation d\u00e9voilera un nouvel appel \u00e0 manifestation afin que les artistes entrant dans les crit\u00e8res puissent pr\u00e9parer et soumettre leur<br \/>\ncandidature.<\/p>\n<\/div>\n<p>Auteur: Siham Jadraoui<br \/>\n<a href=\"https:\/\/aujourdhui.ma\/culture\/premiere-edition-du-prix-mustaqbal-15-finalistes-selectionnes\">Cliquez ici pour lire l&rsquo;article depuis sa source.<\/a><\/p>\n","protected":false},"excerpt":{"rendered":"<p>C\u2019est un concours de jeune cr\u00e9ation contemporaine organis\u00e9 par la Fondation TGCC Les laur\u00e9ats de la premi\u00e8re \u00e9dition du Prix Mustaqbal (concours de jeune cr\u00e9ation contemporaine), lanc\u00e9 en avril dernier par la Fondation TGCC, sont d\u00e9sormais connus. Au total, 15 artistes sont s\u00e9lectionn\u00e9s pour leurs travaux r\u00e9alis\u00e9s sous le th\u00e8me \u00abHier\u2013Aujourd\u2019hui\u2013 Demain\u00bb. On y trouve [&hellip;]<\/p>\n","protected":false},"author":1759,"featured_media":0,"comment_status":"closed","ping_status":"closed","sticky":false,"template":"","format":"standard","meta":{"fifu_image_url":"https:\/\/aujourdhui.ma\/wp-content\/uploads\/2021\/07\/Prix-Mustaqbal-concours-de-jeune-cre\u0301ation-contemporaine-organise\u0301-par-la-Fondation-TGCC--300x153.jpg","fifu_image_alt":"Premi\u00e8re \u00e9dition du Prix Mustaqbal :  15 finalistes s\u00e9lectionn\u00e9s","footnotes":""},"categories":[73,54],"tags":[],"class_list":["post-122491","post","type-post","status-publish","format-standard","hentry","category-actualite","category-maroc"],"_links":{"self":[{"href":"https:\/\/linitiative.ca\/International\/wp-json\/wp\/v2\/posts\/122491","targetHints":{"allow":["GET"]}}],"collection":[{"href":"https:\/\/linitiative.ca\/International\/wp-json\/wp\/v2\/posts"}],"about":[{"href":"https:\/\/linitiative.ca\/International\/wp-json\/wp\/v2\/types\/post"}],"author":[{"embeddable":true,"href":"https:\/\/linitiative.ca\/International\/wp-json\/wp\/v2\/users\/1759"}],"replies":[{"embeddable":true,"href":"https:\/\/linitiative.ca\/International\/wp-json\/wp\/v2\/comments?post=122491"}],"version-history":[{"count":0,"href":"https:\/\/linitiative.ca\/International\/wp-json\/wp\/v2\/posts\/122491\/revisions"}],"wp:attachment":[{"href":"https:\/\/linitiative.ca\/International\/wp-json\/wp\/v2\/media?parent=122491"}],"wp:term":[{"taxonomy":"category","embeddable":true,"href":"https:\/\/linitiative.ca\/International\/wp-json\/wp\/v2\/categories?post=122491"},{"taxonomy":"post_tag","embeddable":true,"href":"https:\/\/linitiative.ca\/International\/wp-json\/wp\/v2\/tags?post=122491"}],"curies":[{"name":"wp","href":"https:\/\/api.w.org\/{rel}","templated":true}]}}