{"id":122503,"date":"2021-07-26T14:00:00","date_gmt":"2021-07-26T18:00:00","guid":{"rendered":"https:\/\/linitiative.ca\/International\/le-sifflet-du-train\/"},"modified":"2021-07-26T14:00:00","modified_gmt":"2021-07-26T18:00:00","slug":"le-sifflet-du-train","status":"publish","type":"post","link":"https:\/\/linitiative.ca\/International\/le-sifflet-du-train\/","title":{"rendered":"Le sifflet du train !"},"content":{"rendered":"<div>\n<p class=\"has-vivid-cyan-blue-color has-text-color\"><strong>On y reviendra encore une fois. On ne cessera jamais d\u2019y revenir sans se lasser, puisque c\u2019est devenu non pas un luxe, mais une n\u00e9cessit\u00e9, d\u2019autant qu\u2019on est tout aur\u00e9ol\u00e9 par cette appellation qui sied bien \u00e0 Agadir. En effet, une m\u00e9tropole de la trompe de la capitale du Souss, consid\u00e9r\u00e9e comme un p\u00f4le \u00e9conomique d\u2019envergure se devrait de se doter de nombre de moyens de transport, notamment le train, depuis d\u00e9j\u00e0 des lustres. Certes, l\u2019op\u00e9ration n\u2019est pas chose ais\u00e9e de par la complexit\u00e9 et le co\u00fbt du cheminement. Mais, il faut bien dire \u00e9galement que ce manquement est d\u00fb sans doute, au manque de volont\u00e9 de faire de la part de la d\u00e9cision centrale.<\/strong><\/p>\n<p>Dans les ann\u00e9es 50, Richard Anthony chantait son fameux classique : \u00ab Mais, j\u2019entends siffler le train\u2026!\u00bb. A pr\u00e9sent, certains adeptes nostalgiques de cette chanson path\u00e9tique, de longues\u00a0 ann\u00e9es plus tard, n\u2019ont jamais pu entendre siffler le train dans la capitale du Souss. Alors que le TGV, fait ses sillons au nord du pays ! Eh oui, depuis longtemps, le sud est toujours priv\u00e9 de ce moyen de transport qui, dans d\u2019autres contr\u00e9es, il jalonne, de long en large, leurs territoires, sans la moindre restriction spatiale. Chez nous, on tol\u00e8re encore la disparit\u00e9 territoriale sous toutes les formes, sans avoir, pour autant, \u00e0 rougir de ce traitement discriminatoire !<\/p>\n<p class=\"has-black-color has-text-color\">Et pourtant, on a beau rab\u00e2cher dans le discours de messe que les citoyens d\u2019une cit\u00e9 comme Agadir, premi\u00e8re station c\u00f4ti\u00e8re du royaume et cens\u00e9e se hisser au second p\u00f4le \u00e9conomique, entendrait siffler le train, il y a belle lurette, sans aucune suite concr\u00e8te ! La distinction r\u00e9gionale nord\/sud ne fait alors que s\u2019aggraver, au fil du temps. \u00ab Le train sifflera trois fois ! \u00bb, s\u2019intitulait le c\u00e9l\u00e8bre film interpr\u00e9t\u00e9 par le g\u00e9ant Gary Cooper. Mais, dans le Souss, il continue de ne jamais siffler, ne serait-ce qu\u2019une seule fois dans les parages. On passe froidement au luxe, sans se donner la peine de g\u00e9n\u00e9raliser le standard, au-del\u00e0 de la cit\u00e9 ocre !<\/p>\n<p class=\"has-black-color has-text-color\">On se souvient comme si cela datait d\u2019hier, la bataille qu\u2019un parterre de d\u00e9put\u00e9s d\u2019Agadir avait men\u00e9 pour qu\u2019enfin l\u2019autoroute soit rattach\u00e9e au nord. Un plaidoyer citoyen \u00e9battu par feu Lahoucine Achengli et quelques \u00e9lus civiques dont Abdellatif Ouammou, \u00e0 l\u2019\u00e9poque, afin de forcer la main aux s\u00e9gr\u00e9gationnistes du centre. Dans le m\u00eame sillage, c\u2019est encore tardivement qu\u2019on se rende \u00e0 l\u2019\u00e9vidence de doter la cit\u00e9 d\u2019une facult\u00e9 de m\u00e9decine et, plus tard, du Centre Hospitalier universitaire (CHU).<\/p>\n<p class=\"has-black-color has-text-color\">Quant au CHU, malgr\u00e9 le terrible retard qu\u2019il avait essuy\u00e9 au d\u00e9but, il faut bien reconna\u00eetre, en revanche, que les travaux s\u2019y amorcent d\u2019une cadence soutenue. Comme une fourmili\u00e8re, le chantier qui regroupe environ une centaine d\u2019ouvriers et renferme une dizaine de gros engins, va bon train et, sans doute, s\u2019\u00e9difierait bien avant les d\u00e9lais pr\u00e9vus. D\u2019autres domaines attendent \u00e9galement un certain int\u00e9r\u00eat notoire de l\u2019Etat qui semble investir dans la r\u00e9gion, mais d\u2019une mani\u00e8re hyper timide. En fait, on attendra impatiemment qu\u2019on s\u2019y mette \u00e0 brides abattues dans une r\u00e9gion au potentiel ind\u00e9niable. A propos, aurait-on toujours l\u2019occasion d\u2019entendre siffler le train standard, avant de penser au TGV\u00a0?<\/p>\n<p>L\u2019article <a rel=\"nofollow\" href=\"http:\/\/albayane.press.ma\/le-sifflet-du-train.html\">Le sifflet du train !<\/a> est apparu en premier sur <a rel=\"nofollow\" href=\"http:\/\/albayane.press.ma\/\">ALBAYANE<\/a>.<\/p>\n<\/div>\n<p>Auteur: M&rsquo;hammed rahal<br \/>\n<a href=\"http:\/\/albayane.press.ma\/le-sifflet-du-train.html\">Cliquez ici pour lire l&rsquo;article depuis sa source.<\/a><\/p>\n","protected":false},"excerpt":{"rendered":"<p>On y reviendra encore une fois. On ne cessera jamais d\u2019y revenir sans se lasser, puisque c\u2019est devenu non pas un luxe, mais une n\u00e9cessit\u00e9, d\u2019autant qu\u2019on est tout aur\u00e9ol\u00e9 par cette appellation qui sied bien \u00e0 Agadir. En effet, une m\u00e9tropole de la trompe de la capitale du Souss, consid\u00e9r\u00e9e comme un p\u00f4le \u00e9conomique [&hellip;]<\/p>\n","protected":false},"author":1760,"featured_media":0,"comment_status":"closed","ping_status":"closed","sticky":false,"template":"","format":"standard","meta":{"fifu_image_url":"","fifu_image_alt":"","footnotes":""},"categories":[73,54],"tags":[],"class_list":["post-122503","post","type-post","status-publish","format-standard","hentry","category-actualite","category-maroc"],"_links":{"self":[{"href":"https:\/\/linitiative.ca\/International\/wp-json\/wp\/v2\/posts\/122503","targetHints":{"allow":["GET"]}}],"collection":[{"href":"https:\/\/linitiative.ca\/International\/wp-json\/wp\/v2\/posts"}],"about":[{"href":"https:\/\/linitiative.ca\/International\/wp-json\/wp\/v2\/types\/post"}],"author":[{"embeddable":true,"href":"https:\/\/linitiative.ca\/International\/wp-json\/wp\/v2\/users\/1760"}],"replies":[{"embeddable":true,"href":"https:\/\/linitiative.ca\/International\/wp-json\/wp\/v2\/comments?post=122503"}],"version-history":[{"count":0,"href":"https:\/\/linitiative.ca\/International\/wp-json\/wp\/v2\/posts\/122503\/revisions"}],"wp:attachment":[{"href":"https:\/\/linitiative.ca\/International\/wp-json\/wp\/v2\/media?parent=122503"}],"wp:term":[{"taxonomy":"category","embeddable":true,"href":"https:\/\/linitiative.ca\/International\/wp-json\/wp\/v2\/categories?post=122503"},{"taxonomy":"post_tag","embeddable":true,"href":"https:\/\/linitiative.ca\/International\/wp-json\/wp\/v2\/tags?post=122503"}],"curies":[{"name":"wp","href":"https:\/\/api.w.org\/{rel}","templated":true}]}}