{"id":122504,"date":"2021-07-26T14:00:00","date_gmt":"2021-07-26T18:00:00","guid":{"rendered":"https:\/\/linitiative.ca\/International\/oksana-chusovitina-doyenne-de-la-gymnastique-dispute-a-46-ans-ses-8emes-jo\/"},"modified":"2021-07-26T14:00:00","modified_gmt":"2021-07-26T18:00:00","slug":"oksana-chusovitina-doyenne-de-la-gymnastique-dispute-a-46-ans-ses-8emes-jo","status":"publish","type":"post","link":"https:\/\/linitiative.ca\/International\/oksana-chusovitina-doyenne-de-la-gymnastique-dispute-a-46-ans-ses-8emes-jo\/","title":{"rendered":"Oksana Chusovitina, doyenne de la gymnastique, dispute \u00e0 46 ans ses 8\u00e8mes JO"},"content":{"rendered":"<div>\n<p class=\"has-text-align-center has-vivid-red-color has-text-color\"><strong>JO-2020<\/strong><\/p>\n<p class=\"has-black-color has-text-color\"><strong>L\u2019Ouzb\u00e8ke Oksana Chusovitina est un ph\u00e9nom\u00e8ne de long\u00e9vit\u00e9 dans un sport souvent domin\u00e9 par des adolescentes: \u00e0 46 ans, elle dispute \u00e0 partir de dimanche \u00e0 Tokyo ses huiti\u00e8mes Jeux olympiques et va am\u00e9liorer son propre record qui en fait la gymnaste la plus \u00e2g\u00e9e de l\u2019histoire des Jeux.<\/strong><\/p>\n<p class=\"has-black-color has-text-color\">\u00ab\u00a0Quand j\u2019ai d\u00e9but\u00e9 la gym, je n\u2019ai jamais pens\u00e9 \u00e0 faire les Jeux, c\u2019\u00e9tait juste un sport que j\u2019aimais. Je suis tr\u00e8s fi\u00e8re de ce que j\u2019ai r\u00e9ussi dans ce sport\u00a0\u00bb, a expliqu\u00e9 en marge des entra\u00eenements \u00e0 Tokyo Chusovitina qui a particip\u00e9 \u00e0 ses premiers JO en 1992 \u00e0 Barcelone, cinq ans avant la naissance de la superstar actuelle de la gymnastique, l\u2019Am\u00e9ricaine Simone Biles.<\/p>\n<p class=\"has-black-color has-text-color\">\u00ab\u00a0J\u2019adore la gymnastique. Je me dis: pourquoi ne pas s\u2019entra\u00eener et concourir tant que je peux encore?\u00a0\u00bb, d\u00e9clarait-t-eelle en 2020 \u00e0 l\u2019AFP pour expliquer son incroyable long\u00e9vit\u00e9: \u00ab\u00a0Si j\u2019arr\u00eatais, je pense que je le regretterais am\u00e8rement\u00a0\u00bb.<\/p>\n<p class=\"has-black-color has-text-color\">N\u00e9e le 19 juin 1975 \u00e0 Boukhara, Chusovitina a commenc\u00e9 sa carri\u00e8re en URSS, mais ses premiers Jeux, en 1992, se d\u00e9roul\u00e8rent sous les couleurs de l\u2019\u00e9quipe unifi\u00e9e des ex-R\u00e9publiques sovi\u00e9tiques alors que l\u2019Union sovi\u00e9tique \u00e9tait en d\u00e9composition.<\/p>\n<p class=\"has-black-color has-text-color\">\u00c0 Barcelone, elle remporte l\u2019or au concours g\u00e9n\u00e9ral par \u00e9quipes, mais elle doit encore attendre 16 ans pour remporter une m\u00e9daille olympique individuelle, l\u2019argent au saut, sa sp\u00e9cialit\u00e9. C\u2019\u00e9tait en 2008, \u00e0 P\u00e9kin, sous les couleurs de l\u2019Allemagne qu\u2019elle avait rejoint en 2002 pour permettre \u00e0 son fils Alisher de soigner une leuc\u00e9mie.<\/p>\n<p class=\"has-black-color has-text-color\">Les Jeux de Tokyo seront ses cinqui\u00e8mes pour l\u2019Ouzb\u00e9kistan, un pays de 33 millions d\u2019habitants o\u00f9 sa notori\u00e9t\u00e9 est si grande qu\u2019un timbre \u00e0 son effigie a \u00e9t\u00e9 \u00e9dit\u00e9.<\/p>\n<p class=\"has-black-color has-text-color\">Apr\u00e8s les Jeux de Tokyo, promis, elle raccrochera, mais elle restera dans la gymnastique, puisqu\u2019elle compte ouvrir une acad\u00e9mie de gymnastique \u00e0 Tachkent, pour aider la jeune g\u00e9n\u00e9ration \u00e0 \u00e9clore.<\/p>\n<p class=\"has-black-color has-text-color\">\u00ab\u00a0Cela fait du bien d\u2019\u00eatre ici, mais cette fois c\u2019est s\u00fbr ce sont mes derniers Jeux\u00a0\u00bb, a-t-elle expliqu\u00e9 \u00e0 son arriv\u00e9e \u00e0 Tokyo.<\/p>\n<p class=\"has-black-color has-text-color\">Un autre de ses objectifs est de continuer la gym, mais sur sc\u00e8ne cette fois, pour \u00ab\u00a0un spectacle de th\u00e9\u00e2tre\u00a0\u00bb, afin de populariser son sport en Ouzb\u00e9kistan, o\u00f9 la lutte ou la boxe restent les sports les plus populaires.<\/p>\n<p class=\"has-black-color has-text-color\">\u00ab\u00a0Je veux que les gens aiment la gymnastique\u00a0\u00bb, confiait-t-elle \u00e0 l\u2019AFP en 2020. \u00ab\u00a0Quand les gens verront comme c\u2019est beau, ils se pr\u00e9cipiteront pour mettre leurs enfants dans des cours de gym\u00a0\u00bb.<\/p>\n<p>L\u2019article <a rel=\"nofollow\" href=\"http:\/\/albayane.press.ma\/oksana-chusovitina-doyenne-de-la-gymnastique-dispute-a-46-ans-ses-8emes-jo.html\">Oksana Chusovitina, doyenne de la gymnastique, dispute \u00e0 46 ans ses 8\u00e8mes JO<\/a> est apparu en premier sur <a rel=\"nofollow\" href=\"http:\/\/albayane.press.ma\/\">ALBAYANE<\/a>.<\/p>\n<\/div>\n<p>Auteur: M&rsquo;hammed rahal<br \/>\n<a href=\"http:\/\/albayane.press.ma\/oksana-chusovitina-doyenne-de-la-gymnastique-dispute-a-46-ans-ses-8emes-jo.html\">Cliquez ici pour lire l&rsquo;article depuis sa source.<\/a><\/p>\n","protected":false},"excerpt":{"rendered":"<p>JO-2020 L\u2019Ouzb\u00e8ke Oksana Chusovitina est un ph\u00e9nom\u00e8ne de long\u00e9vit\u00e9 dans un sport souvent domin\u00e9 par des adolescentes: \u00e0 46 ans, elle dispute \u00e0 partir de dimanche \u00e0 Tokyo ses huiti\u00e8mes Jeux olympiques et va am\u00e9liorer son propre record qui en fait la gymnaste la plus \u00e2g\u00e9e de l\u2019histoire des Jeux. \u00ab\u00a0Quand j\u2019ai d\u00e9but\u00e9 la gym, [&hellip;]<\/p>\n","protected":false},"author":1760,"featured_media":0,"comment_status":"closed","ping_status":"closed","sticky":false,"template":"","format":"standard","meta":{"fifu_image_url":"","fifu_image_alt":"","footnotes":""},"categories":[73,54],"tags":[],"class_list":["post-122504","post","type-post","status-publish","format-standard","hentry","category-actualite","category-maroc"],"_links":{"self":[{"href":"https:\/\/linitiative.ca\/International\/wp-json\/wp\/v2\/posts\/122504","targetHints":{"allow":["GET"]}}],"collection":[{"href":"https:\/\/linitiative.ca\/International\/wp-json\/wp\/v2\/posts"}],"about":[{"href":"https:\/\/linitiative.ca\/International\/wp-json\/wp\/v2\/types\/post"}],"author":[{"embeddable":true,"href":"https:\/\/linitiative.ca\/International\/wp-json\/wp\/v2\/users\/1760"}],"replies":[{"embeddable":true,"href":"https:\/\/linitiative.ca\/International\/wp-json\/wp\/v2\/comments?post=122504"}],"version-history":[{"count":0,"href":"https:\/\/linitiative.ca\/International\/wp-json\/wp\/v2\/posts\/122504\/revisions"}],"wp:attachment":[{"href":"https:\/\/linitiative.ca\/International\/wp-json\/wp\/v2\/media?parent=122504"}],"wp:term":[{"taxonomy":"category","embeddable":true,"href":"https:\/\/linitiative.ca\/International\/wp-json\/wp\/v2\/categories?post=122504"},{"taxonomy":"post_tag","embeddable":true,"href":"https:\/\/linitiative.ca\/International\/wp-json\/wp\/v2\/tags?post=122504"}],"curies":[{"name":"wp","href":"https:\/\/api.w.org\/{rel}","templated":true}]}}