{"id":122505,"date":"2021-07-26T14:26:00","date_gmt":"2021-07-26T18:26:00","guid":{"rendered":"https:\/\/linitiative.ca\/International\/la-campagne-ecologique-bharblaplastic-fait-escale-a-dakhla\/"},"modified":"2021-07-26T14:26:00","modified_gmt":"2021-07-26T18:26:00","slug":"la-campagne-ecologique-bharblaplastic-fait-escale-a-dakhla","status":"publish","type":"post","link":"https:\/\/linitiative.ca\/International\/la-campagne-ecologique-bharblaplastic-fait-escale-a-dakhla\/","title":{"rendered":"La campagne \u00e9cologique \u00abBharBlaPlastic\u00bb fait escale \u00e0 Dakhla"},"content":{"rendered":"<div>\n<p class=\"has-text-align-center has-vivid-cyan-blue-color has-text-color\"><strong>Plage sans plastic<\/strong><\/p>\n<p class=\"has-text-align-left has-black-color has-text-color\"><strong>La Fondation Mohammed VI pour la protection de l\u2019environnement, pr\u00e9sid\u00e9e par SAR la Princesse Lalla Hasnaa, a organis\u00e9, samedi \u00e0 la plage Al Moussafir \u00e0 Dakhla, une action de sensibilisation baptis\u00e9e \u00ab\u00a0BharBlaPlastic\u00a0\u00bb, dans le cadre de son op\u00e9ration de mobilisation pour lutter contre la pollution des mers et des oc\u00e9ans par les d\u00e9chets plastiques.<\/strong><\/p>\n<p class=\"has-text-align-left has-black-color has-text-color\">Cette action \u00e9cologique est men\u00e9e conjointement par la Fondation, le minist\u00e8re de l\u2019\u00c9ducation nationale, de la Formation professionnelle, de l\u2019Enseignement sup\u00e9rieur et de la Recherche scientifique et l\u2019Office National de l\u2019\u00c9lectricit\u00e9 et de l\u2019Eau Potable (ONEE).<\/p>\n<p class=\"has-text-align-left has-black-color has-text-color\">L\u2019\u00e9tape de Dakhla a \u00e9t\u00e9 marqu\u00e9e par une s\u00e9rie d\u2019activit\u00e9s de sensibilisation \u00e0 travers des ateliers th\u00e9matiques portant notamment sur le recyclage de ces d\u00e9chets, le dessin, l\u2019efficacit\u00e9 \u00e9nerg\u00e9tique et \u00e9nergie renouvelable, le cycle de vie des d\u00e9chets plastiques et sur la qualit\u00e9 des eaux de baignade.<\/p>\n<p class=\"has-text-align-left has-black-color has-text-color\">Ces activit\u00e9s ont profit\u00e9 \u00e0 des jeunes des programmes Eco-Ecoles, des Jeunes reporters pour l\u2019environnement et des \u00e9tudiants appartenant au r\u00e9seau des universit\u00e9s vertes, qui ont re\u00e7u \u00e9galement des enseignements th\u00e9oriques et pratiques de plong\u00e9e et de natation, avec la participation de l\u2019association Al Marjane de plong\u00e9e et des sports nautiques.<\/p>\n<p class=\"has-text-align-left has-black-color has-text-color\">A cette occasion, un groupe de plongeurs professionnels a \u00e9t\u00e9 mobilis\u00e9 pour retirer des d\u00e9chets, plastiques et autres, du fond marin, dans le but de sensibiliser les jeunes quant \u00e0 l\u2019impact des d\u00e9chets plastique sur les oc\u00e9ans et la biodiversit\u00e9.<\/p>\n<p class=\"has-text-align-left has-black-color has-text-color\">Cette action de sensibilisation s\u2019inscrit dans le cadre de la poursuite, pendant cet \u00e9t\u00e9, de la campagne \u00ab\u00a0BharblaPlastic\u00a0\u00bb lanc\u00e9e en 2019 par la Fondation, en faveur de la pr\u00e9servation des environnements marins contre la pollution, a d\u00e9clar\u00e9 \u00e0 la MAP Mouna Belbekri, charg\u00e9e du programme Eco-\u00e9coles et des animations p\u00e9dagogiques \u00e0 la Fondation Mohammed VI pour la protection de l\u2019environnement.<\/p>\n<p class=\"has-text-align-left has-black-color has-text-color\">Mme Belbekri a \u00e9galement not\u00e9 qu\u2019une s\u00e9rie d\u2019activit\u00e9s p\u00e9dagogiques a profit\u00e9 aux jeunes des programmes Eco-Ecoles et des Jeunes reporters pour l\u2019environnement dans les lyc\u00e9es et coll\u00e8ges.<\/p>\n<p class=\"has-text-align-left has-black-color has-text-color\">De m\u00eame, elle a mis l\u2019accent sur l\u2019action men\u00e9e lors de cette manifestation par des plongeurs professionnels ayant rep\u00each\u00e9 des d\u00e9chets plastiques pour sensibiliser les enfants quant \u00e0 la protection de la plage et l\u2019oc\u00e9an, faisant savoir que ces jeunes ont b\u00e9n\u00e9fici\u00e9 des enseignements pratiques de plong\u00e9e et de natation.<\/p>\n<p class=\"has-text-align-left has-black-color has-text-color\">Pour sa part, Mohamed El Amine El Ansi, charg\u00e9 des actions environnementales \u00e0 l\u2019ONEE (Branche \u00e9lectricit\u00e9) a indiqu\u00e9 que cette initiative qui s\u2019inscrit dans le cadre des plages propres, vise \u00e0 sensibiliser les jeunes quant \u00e0 la pr\u00e9servation de l\u2019environnement et le changement des comportements.<\/p>\n<p class=\"has-text-align-left has-black-color has-text-color\">A l\u2019issue de cette manifestation, des troph\u00e9es ont \u00e9t\u00e9 remis aux diff\u00e9rents partenaires et participants.<\/p>\n<p class=\"has-text-align-left has-black-color has-text-color\">L\u2019op\u00e9ration #bharblaplastic, qui consiste \u00e0 collecter des d\u00e9chets plastiques dans les 105 plages du programme Plages Propres, permet de se rendre compte de la r\u00e9alit\u00e9 de cette menace grandissante.<\/p>\n<p class=\"has-text-align-left has-black-color has-text-color\">Elle propose \u00e9galement des solutions en apprenant aux participants \u00e0 r\u00e9duire leur utilisation de plastique et en recyclant les d\u00e9chets plastiques collect\u00e9s, selon les principes d\u2019une \u00e9conomie circulaire.<\/p>\n<p class=\"has-text-align-left has-black-color has-text-color\">Lanc\u00e9e en 2019, l\u2019op\u00e9ration #b7arblaplastic a r\u00e9cemment \u00e9t\u00e9 inscrite \u00e0 la D\u00e9cennie pour les Sciences oc\u00e9aniques au service du D\u00e9veloppement Durable (2021-2030) lanc\u00e9e par la Commission Oc\u00e9anographique Intergouvernementale (COI) de l\u2019Organisation des Nations unies pour l\u2019\u00e9ducation, la science et la culture (UNESCO). Elle a \u00e9galement re\u00e7u en 2020 la distinction de la meilleure bonne pratique d\u2019\u00e9ducation \u00e0 l\u2019environnement sur les 4425 plages labellis\u00e9es Pavillon bleu dans le monde.<\/p>\n<p>L\u2019article <a rel=\"nofollow\" href=\"http:\/\/albayane.press.ma\/la-campagne-ecologique-bharblaplastic-fait-escale-a-dakhla.html\">La campagne \u00e9cologique \u00abBharBlaPlastic\u00bb fait escale \u00e0 Dakhla<\/a> est apparu en premier sur <a rel=\"nofollow\" href=\"http:\/\/albayane.press.ma\/\">ALBAYANE<\/a>.<\/p>\n<\/div>\n<p>Auteur: M&rsquo;hammed rahal<br \/>\n<a href=\"http:\/\/albayane.press.ma\/la-campagne-ecologique-bharblaplastic-fait-escale-a-dakhla.html\">Cliquez ici pour lire l&rsquo;article depuis sa source.<\/a><\/p>\n","protected":false},"excerpt":{"rendered":"<p>Plage sans plastic La Fondation Mohammed VI pour la protection de l\u2019environnement, pr\u00e9sid\u00e9e par SAR la Princesse Lalla Hasnaa, a organis\u00e9, samedi \u00e0 la plage Al Moussafir \u00e0 Dakhla, une action de sensibilisation baptis\u00e9e \u00ab\u00a0BharBlaPlastic\u00a0\u00bb, dans le cadre de son op\u00e9ration de mobilisation pour lutter contre la pollution des mers et des oc\u00e9ans par les [&hellip;]<\/p>\n","protected":false},"author":1760,"featured_media":0,"comment_status":"closed","ping_status":"closed","sticky":false,"template":"","format":"standard","meta":{"fifu_image_url":"","fifu_image_alt":"","footnotes":""},"categories":[73,54],"tags":[],"class_list":["post-122505","post","type-post","status-publish","format-standard","hentry","category-actualite","category-maroc"],"_links":{"self":[{"href":"https:\/\/linitiative.ca\/International\/wp-json\/wp\/v2\/posts\/122505","targetHints":{"allow":["GET"]}}],"collection":[{"href":"https:\/\/linitiative.ca\/International\/wp-json\/wp\/v2\/posts"}],"about":[{"href":"https:\/\/linitiative.ca\/International\/wp-json\/wp\/v2\/types\/post"}],"author":[{"embeddable":true,"href":"https:\/\/linitiative.ca\/International\/wp-json\/wp\/v2\/users\/1760"}],"replies":[{"embeddable":true,"href":"https:\/\/linitiative.ca\/International\/wp-json\/wp\/v2\/comments?post=122505"}],"version-history":[{"count":0,"href":"https:\/\/linitiative.ca\/International\/wp-json\/wp\/v2\/posts\/122505\/revisions"}],"wp:attachment":[{"href":"https:\/\/linitiative.ca\/International\/wp-json\/wp\/v2\/media?parent=122505"}],"wp:term":[{"taxonomy":"category","embeddable":true,"href":"https:\/\/linitiative.ca\/International\/wp-json\/wp\/v2\/categories?post=122505"},{"taxonomy":"post_tag","embeddable":true,"href":"https:\/\/linitiative.ca\/International\/wp-json\/wp\/v2\/tags?post=122505"}],"curies":[{"name":"wp","href":"https:\/\/api.w.org\/{rel}","templated":true}]}}