{"id":122506,"date":"2021-07-27T08:41:28","date_gmt":"2021-07-27T12:41:28","guid":{"rendered":"https:\/\/linitiative.ca\/International\/le-premier-ministre-pret-a-ceder-le-pouvoir\/"},"modified":"2021-07-27T08:41:28","modified_gmt":"2021-07-27T12:41:28","slug":"le-premier-ministre-pret-a-ceder-le-pouvoir","status":"publish","type":"post","link":"https:\/\/linitiative.ca\/International\/le-premier-ministre-pret-a-ceder-le-pouvoir\/","title":{"rendered":"Le Premier ministre pr\u00eat \u00e0 c\u00e9der le pouvoir"},"content":{"rendered":"<div>\n<p class=\"has-text-align-center has-vivid-red-color has-text-color\"><strong>Crise politique en Tunisie<\/strong><\/p>\n<p class=\"has-black-color has-text-color\"><strong>Le premier ministre tunisien Hichem Mechichi s\u2019est dit pr\u00eat lundi \u00e0 c\u00e9der le pouvoir au futur Premier ministre d\u00e9sign\u00e9 par le pr\u00e9sident Kais Saied, au lendemain de la suspension par ce dernier des activit\u00e9s du Parlement, qui a projet\u00e9 dans l\u2019inconnu la jeune d\u00e9mocratie en crise depuis des mois.<\/strong><\/p>\n<p class=\"has-black-color has-text-color\">\u00ab\u00a0J\u2019assurerai la passation de pouvoir \u00e0 la personnalit\u00e9 qui sera d\u00e9sign\u00e9e par le pr\u00e9sident de la R\u00e9publique\u00a0\u00bb, a d\u00e9clar\u00e9 M. Mechichi, dans sa premi\u00e8re d\u00e9claration depuis les mesures de dimanche soir. Le parti au pouvoir, Ennahdha, qui soutenait M. Mechichi, les avait qualifi\u00e9es de \u00ab\u00a0coup d\u2019Etat\u00a0\u00bb.<\/p>\n<p class=\"has-black-color has-text-color\">Les d\u00e9veloppements en Tunisie, pays souvent repr\u00e9sent\u00e9 comme le seul o\u00f9 a r\u00e9ussi le Printemps arabe, ont suscit\u00e9 l\u2019inqui\u00e9tude \u00e0 l\u2019\u00e9tranger. La France a dit souhaiter un \u00ab\u00a0retour, dans les meilleurs d\u00e9lais, \u00e0 un fonctionnement normal des institutions\u00a0\u00bb et appel\u00e9 \u00e0 \u00e9viter toute violence tandis que les Etats-Unis, \u00ab\u00a0pr\u00e9occup\u00e9s\u00a0\u00bb, ont appel\u00e9 au \u00ab\u00a0respect des principes d\u00e9mocratiques\u00a0\u00bb.<\/p>\n<p class=\"has-black-color has-text-color\">Dimanche soir, apr\u00e8s une journ\u00e9e de manifestations dans de nombreuses villes de Tunisie, notamment contre la gestion de l\u2019\u00e9pid\u00e9mie de coronavirus par le gouvernement Mechichi, M. Saied a limog\u00e9 ce dernier et annonc\u00e9 \u00ab\u00a0le gel\u00a0\u00bb des activit\u00e9s du Parlement pour 30 jours.<\/p>\n<p class=\"has-black-color has-text-color\">Le pr\u00e9sident, \u00e9galement chef de l\u2019arm\u00e9e, s\u2019est en outre octroy\u00e9 le pouvoir ex\u00e9cutif, bouleversant l\u2019organisation du pouvoir dans un pays r\u00e9gi depuis 2014 par un syst\u00e8me parlementaire mixte, en annon\u00e7ant son intention de d\u00e9signer un nouveau Premier ministre.<\/p>\n<p class=\"has-black-color has-text-color\">Il a limog\u00e9 lundi le ministre de la D\u00e9fense Ibrahim Bartagi et la porte-parole du gouvernement Hasna Ben Slimane, \u00e9galement ministre de la Fonction publique et ministre de la Justice par int\u00e9rim.<\/p>\n<p class=\"has-black-color has-text-color\">Ennahdha, principal parti au Parlement, a fustig\u00e9 \u00ab\u00a0un coup d\u2019Etat contre la r\u00e9volution et la Constitution\u00a0\u00bb, et son chef de file Rached Ghannouchi a camp\u00e9 douze heures durant lundi devant le Parlement boucl\u00e9 par l\u2019arm\u00e9e, pour en r\u00e9clamer l\u2019acc\u00e8s.<\/p>\n<p class=\"has-black-color has-text-color\">En revanche, l\u2019Union g\u00e9n\u00e9rale des travailleurs tunisiens (UGTT), influente centrale syndicale, a estim\u00e9 que les d\u00e9cisions de M. Saied \u00e9taient \u00ab\u00a0conformes\u00a0\u00bb \u00e0 la Constitution, tout en appelant \u00e0 la poursuite du processus d\u00e9mocratique, plus de dix ans apr\u00e8s le soul\u00e8vement populaire qui a men\u00e9 \u00e0 la chute du dictateur Zine El Abidine Ben Ali en janvier 2011.<\/p>\n<p class=\"has-black-color has-text-color\">Signe d\u2019un d\u00e9but de concertations, le pr\u00e9sident Saied a rencontr\u00e9 lundi soir les repr\u00e9sentants de l\u2019UGTT, de la Ligue des droits de l\u2019Homme et du patronat, des acteurs qui avaient tir\u00e9 la Tunisie d\u2019une pr\u00e9c\u00e9dente crise en 2013.<\/p>\n<p class=\"has-black-color has-text-color\">\u00ab\u00a0La situation a atteint un stade inacceptable dans toutes les institutions de l\u2019Etat\u00a0\u00bb, a d\u00e9clar\u00e9 M. Saied \u00e0 l\u2019issue de cette r\u00e9union pour justifier ses d\u00e9cisions, \u00e9voquant \u00ab\u00a0la corruption\u00a0\u00bb.<\/p>\n<p class=\"has-black-color has-text-color\">\u00ab\u00a0Je rassure les Tunisiens que l\u2019Etat est l\u00e0, et il n\u2019est pas question de porter atteinte aux droits et libert\u00e9s\u00a0\u00bb, a-t-il assur\u00e9, r\u00e9it\u00e9rant que ces mesures d\u2019exception respectent selon lui la Constitution.<\/p>\n<p class=\"has-black-color has-text-color\">Pour l\u2019analyste d\u2019International Crisis Group Michael Ayari, \u00ab\u00a0il y a un objectif de restaurer l\u2019efficience de l\u2019Etat, mais il faudra s\u2019assurer d\u2019impliquer un large nombre d\u2019acteurs\u00a0\u00bb: \u00ab\u00a0on est dans l\u2019inconnu, avec un risque de d\u00e9rives y compris sanglantes\u00a0\u00bb.<\/p>\n<p class=\"has-black-color has-text-color\">Dans la journ\u00e9e, plusieurs centaines de partisans du pr\u00e9sident Saied et d\u2019Ennahdha ont \u00e9chang\u00e9 des jets de bouteilles et de pierres devant le Parlement \u00e0 Tunis. Mais la situation est ensuite revenue \u00e0 la normale.<\/p>\n<p class=\"has-black-color has-text-color\">Selon Ennahdha, le bureau de l\u2019Assembl\u00e9e, r\u00e9uni en dehors du Parlement, a appel\u00e9 l\u2019arm\u00e9e et les forces de s\u00e9curit\u00e9 \u00e0 \u00ab\u00a0se placer du c\u00f4t\u00e9 du peuple et \u00e0 remplir leur r\u00f4le de protection de la Constitution\u00a0\u00bb.<\/p>\n<p class=\"has-black-color has-text-color\">La crainte d\u2019un retour en arri\u00e8re sur les libert\u00e9s a \u00e9t\u00e9 accentu\u00e9e apr\u00e8s la fermeture lundi du bureau de la cha\u00eene qatarie Al-Jazeera \u00e0 Tunis par des policiers, sans d\u00e9cision de justice ni explications.<\/p>\n<p class=\"has-black-color has-text-color\">Amnesty International et Reporters sans fronti\u00e8res ont condamn\u00e9 cette fermeture et appel\u00e9 les autorit\u00e9s \u00e0 garantir la libert\u00e9 d\u2019expression.<\/p>\n<p class=\"has-black-color has-text-color\">En fin de journ\u00e9e, la pr\u00e9sidence a annonc\u00e9 que le couvre-feu nocturne officiellement instaur\u00e9 pour lutter contre le Covid avait \u00e9t\u00e9 \u00e9tendu de deux heures, d\u00e9sormais de 19H00 \u00e0 06H00. Elle a aussi interdit des rassemblements de plus de trois personnes.<\/p>\n<p class=\"has-black-color has-text-color\">Ce coup de th\u00e9\u00e2tre fait suite \u00e0 six mois de bras de fer entre MM. Ghannouchi et Saied, qui paraissait sans issue en l\u2019absence de dialogue politique.<\/p>\n<p class=\"has-black-color has-text-color\">Ces bouleversements marqu\u00e9s par des nombreux rassemblements de foule interviennent alors que la Tunisie, d\u00e9j\u00e0 frapp\u00e9e par ailleurs par le ch\u00f4mage et l\u2019inflation, fait face \u00e0 un pic \u00e9pid\u00e9mique, avec l\u2019un des pires taux de mortalit\u00e9 officiels au monde. Le pays de 12 millions d\u2019habitants a enregistr\u00e9 officiellement plus de 560.000 cas de Covid, dont plus de 18.000 d\u00e9c\u00e8s.<\/p>\n<p>L\u2019article <a rel=\"nofollow\" href=\"http:\/\/albayane.press.ma\/le-premier-ministre-pret-a-ceder-le-pouvoir.html\">Le Premier ministre pr\u00eat \u00e0 c\u00e9der le pouvoir<\/a> est apparu en premier sur <a rel=\"nofollow\" href=\"http:\/\/albayane.press.ma\/\">ALBAYANE<\/a>.<\/p>\n<\/div>\n<p>Auteur: M&rsquo;hammed rahal<br \/>\n<a href=\"http:\/\/albayane.press.ma\/le-premier-ministre-pret-a-ceder-le-pouvoir.html\">Cliquez ici pour lire l&rsquo;article depuis sa source.<\/a><\/p>\n","protected":false},"excerpt":{"rendered":"<p>Crise politique en Tunisie Le premier ministre tunisien Hichem Mechichi s\u2019est dit pr\u00eat lundi \u00e0 c\u00e9der le pouvoir au futur Premier ministre d\u00e9sign\u00e9 par le pr\u00e9sident Kais Saied, au lendemain de la suspension par ce dernier des activit\u00e9s du Parlement, qui a projet\u00e9 dans l\u2019inconnu la jeune d\u00e9mocratie en crise depuis des mois. \u00ab\u00a0J\u2019assurerai la [&hellip;]<\/p>\n","protected":false},"author":1760,"featured_media":0,"comment_status":"closed","ping_status":"closed","sticky":false,"template":"","format":"standard","meta":{"fifu_image_url":"","fifu_image_alt":"","footnotes":""},"categories":[73,54],"tags":[],"class_list":["post-122506","post","type-post","status-publish","format-standard","hentry","category-actualite","category-maroc"],"_links":{"self":[{"href":"https:\/\/linitiative.ca\/International\/wp-json\/wp\/v2\/posts\/122506","targetHints":{"allow":["GET"]}}],"collection":[{"href":"https:\/\/linitiative.ca\/International\/wp-json\/wp\/v2\/posts"}],"about":[{"href":"https:\/\/linitiative.ca\/International\/wp-json\/wp\/v2\/types\/post"}],"author":[{"embeddable":true,"href":"https:\/\/linitiative.ca\/International\/wp-json\/wp\/v2\/users\/1760"}],"replies":[{"embeddable":true,"href":"https:\/\/linitiative.ca\/International\/wp-json\/wp\/v2\/comments?post=122506"}],"version-history":[{"count":0,"href":"https:\/\/linitiative.ca\/International\/wp-json\/wp\/v2\/posts\/122506\/revisions"}],"wp:attachment":[{"href":"https:\/\/linitiative.ca\/International\/wp-json\/wp\/v2\/media?parent=122506"}],"wp:term":[{"taxonomy":"category","embeddable":true,"href":"https:\/\/linitiative.ca\/International\/wp-json\/wp\/v2\/categories?post=122506"},{"taxonomy":"post_tag","embeddable":true,"href":"https:\/\/linitiative.ca\/International\/wp-json\/wp\/v2\/tags?post=122506"}],"curies":[{"name":"wp","href":"https:\/\/api.w.org\/{rel}","templated":true}]}}