{"id":122507,"date":"2021-07-27T08:52:43","date_gmt":"2021-07-27T12:52:43","guid":{"rendered":"https:\/\/linitiative.ca\/International\/lotan-appelle-a-un-reglement-negocie-du-conflit\/"},"modified":"2021-07-27T08:52:43","modified_gmt":"2021-07-27T12:52:43","slug":"lotan-appelle-a-un-reglement-negocie-du-conflit","status":"publish","type":"post","link":"https:\/\/linitiative.ca\/International\/lotan-appelle-a-un-reglement-negocie-du-conflit\/","title":{"rendered":"L\u2019Otan appelle \u00e0 un \u00ab r\u00e8glement n\u00e9goci\u00e9 \u00bb du conflit"},"content":{"rendered":"<div>\n<p class=\"has-text-align-center has-vivid-red-color has-text-color\"><strong>Afghanistan<\/strong><\/p>\n<p class=\"has-black-color has-text-color\"><strong>Le secr\u00e9taire g\u00e9n\u00e9ral de l\u2019Otan Jens Stoltenberg a appel\u00e9 mardi le pr\u00e9sident afghan Ashraf Ghani \u00e0 un r\u00e8glement n\u00e9goci\u00e9 du conflit avec les talibans et a promis un soutien financier de l\u2019Alliance.<\/strong><\/p>\n<p class=\"has-black-color has-text-color\">\u00ab\u00a0La situation s\u00e9curitaire en Afghanistan reste tr\u00e8s difficile et n\u00e9cessite un r\u00e8glement n\u00e9goci\u00e9. L\u2019Otan continuera \u00e0 soutenir l\u2019Afghanistan, notamment par un financement, une pr\u00e9sence civile et une formation \u00e0 l\u2019\u00e9tranger\u00a0\u00bb, a d\u00e9clar\u00e9 Jens Stoltenberg sur son compte Twitter apr\u00e8s un entretien avec le pr\u00e9sident afghan.<\/p>\n<p class=\"has-black-color has-text-color\">Environ 2.500 soldats am\u00e9ricains \u2013 et 7.000 d\u2019autres pays \u2013 \u00e9taient pr\u00e9sents en Afghanistan dans le cadre de la mission de l\u2019Otan Resolute Support. Ils ont entam\u00e9 leur retrait d\u00e9but mai.<\/p>\n<p class=\"has-black-color has-text-color\">La mission \u00ab\u00a0Resolute Support\u00a0\u00bb \u00e9tait une mission de formation des forces afghanes afin de leur permettre d\u2019assurer la s\u00e9curit\u00e9 de leur pays apr\u00e8s le d\u00e9part des forces \u00e9trang\u00e8res.<\/p>\n<p class=\"has-black-color has-text-color\">Jens Stoltenberg a affirm\u00e9 \u00e0 maintes reprises que les talibans ne pourraient obtenir la victoire par les armes, mais les forces afghanes subissent revers sur revers depuis le d\u00e9clenchement en mai d\u2019une offensive g\u00e9n\u00e9ralis\u00e9e des talibans.<\/p>\n<p class=\"has-black-color has-text-color\">L\u2019ONU craint qu\u2019un nombre \u00ab\u00a0sans pr\u00e9c\u00e9dent\u00a0\u00bb de civils soient tu\u00e9s ou bless\u00e9s en 2021 en Afghanistan en cas de poursuite des combats.<\/p>\n<p class=\"has-black-color has-text-color\">Les Occidentaux ont commenc\u00e9 a \u00e9vacuer leurs ressortissants et s\u2019interrogent sur le maintien d\u2019une pr\u00e9sence. \u00ab\u00a0Il faut assurer le fonctionnement d\u2019un h\u00f4pital et d\u2019un a\u00e9roport si on veut maintenir un minimum de pr\u00e9sence europ\u00e9enne\u00a0\u00bb, a expliqu\u00e9 \u00e0 l\u2019AFP le chef de la diplomatie europ\u00e9enne Josep Borrell lors d\u2019un entretien fin mai en marge d\u2019une r\u00e9union des ministres des Affaires \u00e9trang\u00e8res de l\u2019UE \u00e0 Lisbonne.<\/p>\n<p class=\"has-black-color has-text-color\">Or les Am\u00e9ricains n\u2019ont \u00e0 ce jour donn\u00e9 aucune indication \u00e0 leurs alli\u00e9s de l\u2019Otan sur la force de protection \u00e0 mettre en place pour \u00ab\u00a0s\u00e9curiser\u00a0\u00bb l\u2019a\u00e9roport, les ambassades et les services du repr\u00e9sentant de l\u2019Otan \u00e0 Kaboul, ont confirm\u00e9 mardi \u00e0 l\u2019AFP des diplomates de l\u2019Alliance. Cette force conditionne la pr\u00e9sence de missions civiles de l\u2019Otan et de l\u2019UE.<\/p>\n<p>L\u2019article <a rel=\"nofollow\" href=\"http:\/\/albayane.press.ma\/lotan-appelle-a-un-reglement-negocie-du-conflit.html\">L\u2019Otan appelle \u00e0 un \u00ab r\u00e8glement n\u00e9goci\u00e9 \u00bb du conflit<\/a> est apparu en premier sur <a rel=\"nofollow\" href=\"http:\/\/albayane.press.ma\/\">ALBAYANE<\/a>.<\/p>\n<\/div>\n<p>Auteur: M&rsquo;hammed rahal<br \/>\n<a href=\"http:\/\/albayane.press.ma\/lotan-appelle-a-un-reglement-negocie-du-conflit.html\">Cliquez ici pour lire l&rsquo;article depuis sa source.<\/a><\/p>\n","protected":false},"excerpt":{"rendered":"<p>Afghanistan Le secr\u00e9taire g\u00e9n\u00e9ral de l\u2019Otan Jens Stoltenberg a appel\u00e9 mardi le pr\u00e9sident afghan Ashraf Ghani \u00e0 un r\u00e8glement n\u00e9goci\u00e9 du conflit avec les talibans et a promis un soutien financier de l\u2019Alliance. \u00ab\u00a0La situation s\u00e9curitaire en Afghanistan reste tr\u00e8s difficile et n\u00e9cessite un r\u00e8glement n\u00e9goci\u00e9. L\u2019Otan continuera \u00e0 soutenir l\u2019Afghanistan, notamment par un financement, [&hellip;]<\/p>\n","protected":false},"author":1760,"featured_media":0,"comment_status":"closed","ping_status":"closed","sticky":false,"template":"","format":"standard","meta":{"fifu_image_url":"","fifu_image_alt":"","footnotes":""},"categories":[73,54],"tags":[],"class_list":["post-122507","post","type-post","status-publish","format-standard","hentry","category-actualite","category-maroc"],"_links":{"self":[{"href":"https:\/\/linitiative.ca\/International\/wp-json\/wp\/v2\/posts\/122507","targetHints":{"allow":["GET"]}}],"collection":[{"href":"https:\/\/linitiative.ca\/International\/wp-json\/wp\/v2\/posts"}],"about":[{"href":"https:\/\/linitiative.ca\/International\/wp-json\/wp\/v2\/types\/post"}],"author":[{"embeddable":true,"href":"https:\/\/linitiative.ca\/International\/wp-json\/wp\/v2\/users\/1760"}],"replies":[{"embeddable":true,"href":"https:\/\/linitiative.ca\/International\/wp-json\/wp\/v2\/comments?post=122507"}],"version-history":[{"count":0,"href":"https:\/\/linitiative.ca\/International\/wp-json\/wp\/v2\/posts\/122507\/revisions"}],"wp:attachment":[{"href":"https:\/\/linitiative.ca\/International\/wp-json\/wp\/v2\/media?parent=122507"}],"wp:term":[{"taxonomy":"category","embeddable":true,"href":"https:\/\/linitiative.ca\/International\/wp-json\/wp\/v2\/categories?post=122507"},{"taxonomy":"post_tag","embeddable":true,"href":"https:\/\/linitiative.ca\/International\/wp-json\/wp\/v2\/tags?post=122507"}],"curies":[{"name":"wp","href":"https:\/\/api.w.org\/{rel}","templated":true}]}}