{"id":122510,"date":"2021-07-27T11:26:38","date_gmt":"2021-07-27T15:26:38","guid":{"rendered":"https:\/\/linitiative.ca\/International\/letat-durgence-prolonge-jusquau-10-septembre\/"},"modified":"2021-07-27T11:26:38","modified_gmt":"2021-07-27T15:26:38","slug":"letat-durgence-prolonge-jusquau-10-septembre","status":"publish","type":"post","link":"https:\/\/linitiative.ca\/International\/letat-durgence-prolonge-jusquau-10-septembre\/","title":{"rendered":"L&rsquo;\u00e9tat d&rsquo;urgence prolong\u00e9 jusqu&rsquo;au 10 septembre"},"content":{"rendered":"<div>\n<div class=\"field field-name-body field-type-text-with-summary field-label-hidden\">\n<div class=\"field-items\">\n<div class=\"field-item even\" property=\"content:encoded\">\n<p class=\"rtejustify\">Le Conseil de gouvernement, r\u00e9uni mardi \u00e0 Rabat, a d\u00e9cid\u00e9 de proroger jusqu&rsquo;au 10 septembre 2021 la dur\u00e9e d&rsquo;effet de l\u2019\u00e9tat d\u2019urgence sanitaire sur l\u2019ensemble du territoire national, et ce dans le cadre des efforts de lutte contre la propagation de la pand\u00e9mie du nouveau coronavirus (Covid-19).<\/p>\n<\/div>\n<\/div>\n<\/div>\n<\/div>\n<p>Auteur: hgueye<br \/>\n<a href=\"https:\/\/www.leconomiste.com\/flash-infos\/l-etat-d-urgence-prolonge-jusqu-au-10-septembre\">Cliquez ici pour lire l&rsquo;article depuis sa source.<\/a><\/p>\n","protected":false},"excerpt":{"rendered":"<p>Le Conseil de gouvernement, r\u00e9uni mardi \u00e0 Rabat, a d\u00e9cid\u00e9 de proroger jusqu&rsquo;au 10 septembre 2021 la dur\u00e9e d&rsquo;effet de l\u2019\u00e9tat d\u2019urgence sanitaire sur l\u2019ensemble du territoire national, et ce dans le cadre des efforts de lutte contre la propagation de la pand\u00e9mie du nouveau coronavirus (Covid-19). Auteur: hgueye Cliquez ici pour lire l&rsquo;article depuis [&hellip;]<\/p>\n","protected":false},"author":1763,"featured_media":0,"comment_status":"closed","ping_status":"closed","sticky":false,"template":"","format":"standard","meta":{"fifu_image_url":"","fifu_image_alt":"","footnotes":""},"categories":[78,54],"tags":[],"class_list":["post-122510","post","type-post","status-publish","format-standard","hentry","category-economie","category-maroc"],"_links":{"self":[{"href":"https:\/\/linitiative.ca\/International\/wp-json\/wp\/v2\/posts\/122510","targetHints":{"allow":["GET"]}}],"collection":[{"href":"https:\/\/linitiative.ca\/International\/wp-json\/wp\/v2\/posts"}],"about":[{"href":"https:\/\/linitiative.ca\/International\/wp-json\/wp\/v2\/types\/post"}],"author":[{"embeddable":true,"href":"https:\/\/linitiative.ca\/International\/wp-json\/wp\/v2\/users\/1763"}],"replies":[{"embeddable":true,"href":"https:\/\/linitiative.ca\/International\/wp-json\/wp\/v2\/comments?post=122510"}],"version-history":[{"count":0,"href":"https:\/\/linitiative.ca\/International\/wp-json\/wp\/v2\/posts\/122510\/revisions"}],"wp:attachment":[{"href":"https:\/\/linitiative.ca\/International\/wp-json\/wp\/v2\/media?parent=122510"}],"wp:term":[{"taxonomy":"category","embeddable":true,"href":"https:\/\/linitiative.ca\/International\/wp-json\/wp\/v2\/categories?post=122510"},{"taxonomy":"post_tag","embeddable":true,"href":"https:\/\/linitiative.ca\/International\/wp-json\/wp\/v2\/tags?post=122510"}],"curies":[{"name":"wp","href":"https:\/\/api.w.org\/{rel}","templated":true}]}}