{"id":122511,"date":"2021-07-27T11:51:47","date_gmt":"2021-07-27T15:51:47","guid":{"rendered":"https:\/\/linitiative.ca\/International\/ecosysteme-renault-taux-dintegration-a-80-dici-2025\/"},"modified":"2021-07-27T11:51:47","modified_gmt":"2021-07-27T15:51:47","slug":"ecosysteme-renault-taux-dintegration-a-80-dici-2025","status":"publish","type":"post","link":"https:\/\/linitiative.ca\/International\/ecosysteme-renault-taux-dintegration-a-80-dici-2025\/","title":{"rendered":"Ecosyst\u00e8me Renault: Taux d\u2019int\u00e9gration \u00e0 80% d\u2019ici 2025"},"content":{"rendered":"<div>\n<div class=\"field field-name-body field-type-text-with-summary field-label-hidden\">\n<div class=\"field-items\">\n<div class=\"field-item even\" property=\"content:encoded\">\n<p class=\"rtejustify\">Renault Group Maroc et le Minist\u00e8re de l\u2019Industrie, du Commerce et de l\u2019Economie Verte et Num\u00e9rique viennent de signer une convention qui fixe de nouveaux objectifs pour le d\u00e9veloppement de l\u2019\u00e9cosyst\u00e8me Renault. En vertu du nouvel accord, le groupe renforce son engagement pour d\u00e9velopper l\u2019\u00e9cosyst\u00e8me Renault, avec la signature d\u2019une nouvelle phase portant l\u2019objectif de sourcing local \u00e0 2,5 milliards d\u2019euros d\u00e8s 2025 et une cible de 3 milliards d\u2019euros. Renault Group Maroc s\u2019engage \u00e9galement \u00e0 porter son taux d\u2019int\u00e9gration \u00e0 un objectif cible de 80% \u00e0 terme.<\/p>\n<\/div>\n<\/div>\n<\/div>\n<\/div>\n<p>Auteur: hgueye<br \/>\n<a href=\"https:\/\/www.leconomiste.com\/flash-infos\/ecosysteme-renault-taux-d-integration-80-d-ici-2025\">Cliquez ici pour lire l&rsquo;article depuis sa source.<\/a><\/p>\n","protected":false},"excerpt":{"rendered":"<p>Renault Group Maroc et le Minist\u00e8re de l\u2019Industrie, du Commerce et de l\u2019Economie Verte et Num\u00e9rique viennent de signer une convention qui fixe de nouveaux objectifs pour le d\u00e9veloppement de l\u2019\u00e9cosyst\u00e8me Renault. En vertu du nouvel accord, le groupe renforce son engagement pour d\u00e9velopper l\u2019\u00e9cosyst\u00e8me Renault, avec la signature d\u2019une nouvelle phase portant l\u2019objectif de [&hellip;]<\/p>\n","protected":false},"author":1763,"featured_media":0,"comment_status":"closed","ping_status":"closed","sticky":false,"template":"","format":"standard","meta":{"fifu_image_url":"","fifu_image_alt":"","footnotes":""},"categories":[78,54],"tags":[],"class_list":["post-122511","post","type-post","status-publish","format-standard","hentry","category-economie","category-maroc"],"_links":{"self":[{"href":"https:\/\/linitiative.ca\/International\/wp-json\/wp\/v2\/posts\/122511","targetHints":{"allow":["GET"]}}],"collection":[{"href":"https:\/\/linitiative.ca\/International\/wp-json\/wp\/v2\/posts"}],"about":[{"href":"https:\/\/linitiative.ca\/International\/wp-json\/wp\/v2\/types\/post"}],"author":[{"embeddable":true,"href":"https:\/\/linitiative.ca\/International\/wp-json\/wp\/v2\/users\/1763"}],"replies":[{"embeddable":true,"href":"https:\/\/linitiative.ca\/International\/wp-json\/wp\/v2\/comments?post=122511"}],"version-history":[{"count":0,"href":"https:\/\/linitiative.ca\/International\/wp-json\/wp\/v2\/posts\/122511\/revisions"}],"wp:attachment":[{"href":"https:\/\/linitiative.ca\/International\/wp-json\/wp\/v2\/media?parent=122511"}],"wp:term":[{"taxonomy":"category","embeddable":true,"href":"https:\/\/linitiative.ca\/International\/wp-json\/wp\/v2\/categories?post=122511"},{"taxonomy":"post_tag","embeddable":true,"href":"https:\/\/linitiative.ca\/International\/wp-json\/wp\/v2\/tags?post=122511"}],"curies":[{"name":"wp","href":"https:\/\/api.w.org\/{rel}","templated":true}]}}