{"id":122513,"date":"2021-07-26T16:01:00","date_gmt":"2021-07-26T20:01:00","guid":{"rendered":"https:\/\/linitiative.ca\/International\/manchester-city-veut-prolonger-ruben-dias\/"},"modified":"2021-07-26T16:01:00","modified_gmt":"2021-07-26T20:01:00","slug":"manchester-city-veut-prolonger-ruben-dias","status":"publish","type":"post","link":"https:\/\/linitiative.ca\/International\/manchester-city-veut-prolonger-ruben-dias\/","title":{"rendered":"Manchester City veut prolonger Ruben Dias"},"content":{"rendered":"<div>Le d\u00e9fenseur central portugais Ruben Dias pourrait bient\u00f4t h\u00e9riter d\u2019un nouveau contrat au sein de son club de Manchester City<img loading=\"lazy\" decoding=\"async\" src=\"http:\/\/feeds.feedburner.com\/~r\/GalerieFArtciles\/~4\/pSRbRRQh_WI\" height=\"1\" width=\"1\" alt=\"\"><\/div>\n<p>Auteur:<br \/>\n<a href=\"http:\/\/www.lebuteur.com\/article\/detail?titre=manchester-city-veut-prolonger-ruben-dias&#038;id=100706&#038;utm_source=feedburner&#038;utm_medium=feed&#038;utm_campaign=Feed%3A+GalerieFArtciles+%28Les+derniers+articles++-+lebuteur.com%29\">Cliquez ici pour lire l&rsquo;article depuis sa source.<\/a><\/p>\n","protected":false},"excerpt":{"rendered":"<p>Le d\u00e9fenseur central portugais Ruben Dias pourrait bient\u00f4t h\u00e9riter d\u2019un nouveau contrat au sein de son club de Manchester City Auteur: Cliquez ici pour lire l&rsquo;article depuis sa source.<\/p>\n","protected":false},"author":1738,"featured_media":0,"comment_status":"closed","ping_status":"closed","sticky":false,"template":"","format":"standard","meta":{"fifu_image_url":"http:\/\/feeds.feedburner.com\/~r\/GalerieFArtciles\/~4\/pSRbRRQh_WI","fifu_image_alt":"Manchester City veut prolonger Ruben Dias","footnotes":""},"categories":[53,75],"tags":[],"class_list":["post-122513","post","type-post","status-publish","format-standard","hentry","category-algerie","category-sport"],"_links":{"self":[{"href":"https:\/\/linitiative.ca\/International\/wp-json\/wp\/v2\/posts\/122513","targetHints":{"allow":["GET"]}}],"collection":[{"href":"https:\/\/linitiative.ca\/International\/wp-json\/wp\/v2\/posts"}],"about":[{"href":"https:\/\/linitiative.ca\/International\/wp-json\/wp\/v2\/types\/post"}],"author":[{"embeddable":true,"href":"https:\/\/linitiative.ca\/International\/wp-json\/wp\/v2\/users\/1738"}],"replies":[{"embeddable":true,"href":"https:\/\/linitiative.ca\/International\/wp-json\/wp\/v2\/comments?post=122513"}],"version-history":[{"count":0,"href":"https:\/\/linitiative.ca\/International\/wp-json\/wp\/v2\/posts\/122513\/revisions"}],"wp:attachment":[{"href":"https:\/\/linitiative.ca\/International\/wp-json\/wp\/v2\/media?parent=122513"}],"wp:term":[{"taxonomy":"category","embeddable":true,"href":"https:\/\/linitiative.ca\/International\/wp-json\/wp\/v2\/categories?post=122513"},{"taxonomy":"post_tag","embeddable":true,"href":"https:\/\/linitiative.ca\/International\/wp-json\/wp\/v2\/tags?post=122513"}],"curies":[{"name":"wp","href":"https:\/\/api.w.org\/{rel}","templated":true}]}}