{"id":122515,"date":"2021-07-27T03:36:00","date_gmt":"2021-07-27T07:36:00","guid":{"rendered":"https:\/\/linitiative.ca\/International\/messi-severement-critique-par-un-boxeur-francais\/"},"modified":"2021-07-27T03:36:00","modified_gmt":"2021-07-27T07:36:00","slug":"messi-severement-critique-par-un-boxeur-francais","status":"publish","type":"post","link":"https:\/\/linitiative.ca\/International\/messi-severement-critique-par-un-boxeur-francais\/","title":{"rendered":"Messi s\u00e9v\u00e8rement critiqu\u00e9 par un boxeur fran\u00e7ais"},"content":{"rendered":"<div>Le boxeur Tony Yoka serait \u00e9tonn\u00e9 de voir Lionel Messi remporter le Ballon d\u2019Or cette ann\u00e9e, au vu de ses r\u00e9sultats collectifs et personnels<img loading=\"lazy\" decoding=\"async\" src=\"http:\/\/feeds.feedburner.com\/~r\/GalerieFArtciles\/~4\/TE5oBvHXjU8\" height=\"1\" width=\"1\" alt=\"\"><\/div>\n<p>Auteur:<br \/>\n<a href=\"http:\/\/www.lebuteur.com\/article\/detail?titre=messi-severement-critique-par-un-boxeur-francais&#038;id=100708&#038;utm_source=feedburner&#038;utm_medium=feed&#038;utm_campaign=Feed%3A+GalerieFArtciles+%28Les+derniers+articles++-+lebuteur.com%29\">Cliquez ici pour lire l&rsquo;article depuis sa source.<\/a><\/p>\n","protected":false},"excerpt":{"rendered":"<p>Le boxeur Tony Yoka serait \u00e9tonn\u00e9 de voir Lionel Messi remporter le Ballon d\u2019Or cette ann\u00e9e, au vu de ses r\u00e9sultats collectifs et personnels Auteur: Cliquez ici pour lire l&rsquo;article depuis sa source.<\/p>\n","protected":false},"author":1738,"featured_media":0,"comment_status":"closed","ping_status":"closed","sticky":false,"template":"","format":"standard","meta":{"fifu_image_url":"http:\/\/feeds.feedburner.com\/~r\/GalerieFArtciles\/~4\/TE5oBvHXjU8","fifu_image_alt":"Messi s\u00e9v\u00e8rement critiqu\u00e9 par un boxeur fran\u00e7ais","footnotes":""},"categories":[53,75],"tags":[],"class_list":["post-122515","post","type-post","status-publish","format-standard","hentry","category-algerie","category-sport"],"_links":{"self":[{"href":"https:\/\/linitiative.ca\/International\/wp-json\/wp\/v2\/posts\/122515","targetHints":{"allow":["GET"]}}],"collection":[{"href":"https:\/\/linitiative.ca\/International\/wp-json\/wp\/v2\/posts"}],"about":[{"href":"https:\/\/linitiative.ca\/International\/wp-json\/wp\/v2\/types\/post"}],"author":[{"embeddable":true,"href":"https:\/\/linitiative.ca\/International\/wp-json\/wp\/v2\/users\/1738"}],"replies":[{"embeddable":true,"href":"https:\/\/linitiative.ca\/International\/wp-json\/wp\/v2\/comments?post=122515"}],"version-history":[{"count":0,"href":"https:\/\/linitiative.ca\/International\/wp-json\/wp\/v2\/posts\/122515\/revisions"}],"wp:attachment":[{"href":"https:\/\/linitiative.ca\/International\/wp-json\/wp\/v2\/media?parent=122515"}],"wp:term":[{"taxonomy":"category","embeddable":true,"href":"https:\/\/linitiative.ca\/International\/wp-json\/wp\/v2\/categories?post=122515"},{"taxonomy":"post_tag","embeddable":true,"href":"https:\/\/linitiative.ca\/International\/wp-json\/wp\/v2\/tags?post=122515"}],"curies":[{"name":"wp","href":"https:\/\/api.w.org\/{rel}","templated":true}]}}