{"id":122518,"date":"2021-07-27T06:39:48","date_gmt":"2021-07-27T10:39:48","guid":{"rendered":"https:\/\/linitiative.ca\/International\/hasni-abidi-politologue-specialiste-du-monde-arabe-la-parade-constitutionnelle-trouvee-par-kais-saied-est-une-voie-privilegiee-en-pareil-cas-pour-attenuer-les-consequences-de-la-crise-et-rest\/"},"modified":"2021-07-27T06:39:48","modified_gmt":"2021-07-27T10:39:48","slug":"hasni-abidi-politologue-specialiste-du-monde-arabe-la-parade-constitutionnelle-trouvee-par-kais-saied-est-une-voie-privilegiee-en-pareil-cas-pour-attenuer-les-consequences-de-la-crise-et-rest","status":"publish","type":"post","link":"https:\/\/linitiative.ca\/International\/hasni-abidi-politologue-specialiste-du-monde-arabe-la-parade-constitutionnelle-trouvee-par-kais-saied-est-une-voie-privilegiee-en-pareil-cas-pour-attenuer-les-consequences-de-la-crise-et-rest\/","title":{"rendered":"Hasni Abidi. Politologue sp\u00e9cialiste du monde arabe : \u00abLa parade constitutionnelle trouv\u00e9e par Ka\u00efs Sa\u00efed est une voie privil\u00e9gi\u00e9e en pareil cas pour att\u00e9nuer les cons\u00e9quences de la crise et rester dans la l\u00e9galit\u00e9\u00bb"},"content":{"rendered":"<div>\n<div class=\"sriret\"><img decoding=\"async\" src=\"https:\/\/linitiative.ca\/International\/wp-content\/uploads\/sites\/23\/2021\/07\/default-picture-709x366_c-36.jpg\"><\/div>\n<p>Hasni Abidi est un politologue alg\u00e9ro-suisse sp\u00e9cialiste du monde arabe. Il est cofondateur et directeur du Centre d\u2019\u00e9tudes et de recherche sur le monde arabe et m\u00e9diterran\u00e9en (Cermam), bas\u00e9 \u00e0 Gen\u00e8ve. Il enseigne les sciences politiques \u00e0 l\u2019universit\u00e9 de la m\u00eame ville et intervient, en tant que chercheur invit\u00e9, dans plusieurs autres \u00e9tablissements europ\u00e9ens. Dans cet entretien, il nous livre son analyse \u00e0 chaud sur l\u2019\u00e9volution de la situation politique en Tunisie avec la d\u00e9cision du pr\u00e9sident Ka\u00efs Sa\u00efed d\u2019appliquer l\u2019article 80 de la Constitution tunisienne, apr\u00e8s plusieurs mois de crise politique.<\/p>\n<p>L\u2019article <a rel=\"nofollow\" href=\"https:\/\/www.elwatan.com\/edition\/actualite\/la-parade-constitutionnelle-trouvee-par-kais-saied-est-une-voie-privilegiee-en-pareil-cas-pour-attenuer-les-consequences-de-la-crise-et-rester-dans-la-legalite-27-07-2021\">Hasni Abidi. Politologue sp\u00e9cialiste du monde arabe : \u00abLa parade constitutionnelle trouv\u00e9e par Ka\u00efs Sa\u00efed est une voie privil\u00e9gi\u00e9e en pareil cas pour att\u00e9nuer les cons\u00e9quences de la crise et rester dans la l\u00e9galit\u00e9\u00bb<\/a> est apparu en premier sur <a rel=\"nofollow\" href=\"https:\/\/www.elwatan.com\/\">El Watan<\/a>.<\/p>\n<\/div>\n<p>Auteur: Anis Khecheba<br \/>\n<a href=\"https:\/\/www.elwatan.com\/edition\/actualite\/la-parade-constitutionnelle-trouvee-par-kais-saied-est-une-voie-privilegiee-en-pareil-cas-pour-attenuer-les-consequences-de-la-crise-et-rester-dans-la-legalite-27-07-2021\">Cliquez ici pour lire l&rsquo;article depuis sa source.<\/a><\/p>\n","protected":false},"excerpt":{"rendered":"<p>Hasni Abidi est un politologue alg\u00e9ro-suisse sp\u00e9cialiste du monde arabe. Il est cofondateur et directeur du Centre d\u2019\u00e9tudes et de recherche sur le monde arabe et m\u00e9diterran\u00e9en (Cermam), bas\u00e9 \u00e0 Gen\u00e8ve. Il enseigne les sciences politiques \u00e0 l\u2019universit\u00e9 de la m\u00eame ville et intervient, en tant que chercheur invit\u00e9, dans plusieurs autres \u00e9tablissements europ\u00e9ens. Dans [&hellip;]<\/p>\n","protected":false},"author":1743,"featured_media":0,"comment_status":"closed","ping_status":"closed","sticky":false,"template":"","format":"standard","meta":{"fifu_image_url":"https:\/\/www.elwatan.com\/wp-content\/themes\/spectr\/img\/default-picture-709x366_c.jpg","fifu_image_alt":"Hasni Abidi. Politologue sp\u00e9cialiste du monde arabe : \u00abLa parade constitutionnelle trouv\u00e9e par Ka\u00efs Sa\u00efed est une voie privil\u00e9gi\u00e9e en pareil cas pour att\u00e9nuer les cons\u00e9quences de la crise et rester dans la l\u00e9galit\u00e9\u00bb","footnotes":""},"categories":[73,53],"tags":[],"class_list":["post-122518","post","type-post","status-publish","format-standard","hentry","category-actualite","category-algerie"],"_links":{"self":[{"href":"https:\/\/linitiative.ca\/International\/wp-json\/wp\/v2\/posts\/122518","targetHints":{"allow":["GET"]}}],"collection":[{"href":"https:\/\/linitiative.ca\/International\/wp-json\/wp\/v2\/posts"}],"about":[{"href":"https:\/\/linitiative.ca\/International\/wp-json\/wp\/v2\/types\/post"}],"author":[{"embeddable":true,"href":"https:\/\/linitiative.ca\/International\/wp-json\/wp\/v2\/users\/1743"}],"replies":[{"embeddable":true,"href":"https:\/\/linitiative.ca\/International\/wp-json\/wp\/v2\/comments?post=122518"}],"version-history":[{"count":0,"href":"https:\/\/linitiative.ca\/International\/wp-json\/wp\/v2\/posts\/122518\/revisions"}],"wp:attachment":[{"href":"https:\/\/linitiative.ca\/International\/wp-json\/wp\/v2\/media?parent=122518"}],"wp:term":[{"taxonomy":"category","embeddable":true,"href":"https:\/\/linitiative.ca\/International\/wp-json\/wp\/v2\/categories?post=122518"},{"taxonomy":"post_tag","embeddable":true,"href":"https:\/\/linitiative.ca\/International\/wp-json\/wp\/v2\/tags?post=122518"}],"curies":[{"name":"wp","href":"https:\/\/api.w.org\/{rel}","templated":true}]}}