{"id":122522,"date":"2021-07-27T06:41:17","date_gmt":"2021-07-27T10:41:17","guid":{"rendered":"https:\/\/linitiative.ca\/International\/la-societe-civile-et-les-juristes-divises\/"},"modified":"2021-07-27T06:41:17","modified_gmt":"2021-07-27T10:41:17","slug":"la-societe-civile-et-les-juristes-divises","status":"publish","type":"post","link":"https:\/\/linitiative.ca\/International\/la-societe-civile-et-les-juristes-divises\/","title":{"rendered":"La soci\u00e9t\u00e9 civile et les juristes divis\u00e9s"},"content":{"rendered":"<div>\n<div class=\"sriret\"><img decoding=\"async\" src=\"https:\/\/linitiative.ca\/International\/wp-content\/uploads\/sites\/23\/2021\/07\/default-picture-709x366_c-38.jpg\"><\/div>\n<p>Absence d\u2019une Cour constitutionnelle en Tunisie, pr\u00e9vue une ann\u00e9e apr\u00e8s la Constitution du 27 janvier 2014. Le pr\u00e9sident Sa\u00efed s\u2019est \u00e9rig\u00e9 en unique interpr\u00e8te l\u00e9gal de la Constitution. Les juristes et la soci\u00e9t\u00e9 civile divergent sur la question.<\/p>\n<p>Le pr\u00e9sident Sa\u00efed a jug\u00e9 dimanche que l\u2019article 80 de la Constitution l\u2019autorise, en cas de \u00abp\u00e9ril imminent\u00bb, de geler l\u2019Assembl\u00e9e, de limoger le gouvernement et de mettre le pouvoir ex\u00e9cutif sous son autorit\u00e9.<\/p>\n<p>L\u2019article <a rel=\"nofollow\" href=\"https:\/\/www.elwatan.com\/edition\/actualite\/la-societe-civile-et-les-juristes-divises-27-07-2021\">La soci\u00e9t\u00e9 civile et les juristes divis\u00e9s<\/a> est apparu en premier sur <a rel=\"nofollow\" href=\"https:\/\/www.elwatan.com\/\">El Watan<\/a>.<\/p>\n<\/div>\n<p>Auteur: Anis Khecheba<br \/>\n<a href=\"https:\/\/www.elwatan.com\/edition\/actualite\/la-societe-civile-et-les-juristes-divises-27-07-2021\">Cliquez ici pour lire l&rsquo;article depuis sa source.<\/a><\/p>\n","protected":false},"excerpt":{"rendered":"<p>Absence d\u2019une Cour constitutionnelle en Tunisie, pr\u00e9vue une ann\u00e9e apr\u00e8s la Constitution du 27 janvier 2014. Le pr\u00e9sident Sa\u00efed s\u2019est \u00e9rig\u00e9 en unique interpr\u00e8te l\u00e9gal de la Constitution. Les juristes et la soci\u00e9t\u00e9 civile divergent sur la question. Le pr\u00e9sident Sa\u00efed a jug\u00e9 dimanche que l\u2019article 80 de la Constitution l\u2019autorise, en cas de \u00abp\u00e9ril [&hellip;]<\/p>\n","protected":false},"author":1743,"featured_media":0,"comment_status":"closed","ping_status":"closed","sticky":false,"template":"","format":"standard","meta":{"fifu_image_url":"https:\/\/www.elwatan.com\/wp-content\/themes\/spectr\/img\/default-picture-709x366_c.jpg","fifu_image_alt":"La soci\u00e9t\u00e9 civile et les juristes divis\u00e9s","footnotes":""},"categories":[73,53],"tags":[],"class_list":["post-122522","post","type-post","status-publish","format-standard","hentry","category-actualite","category-algerie"],"_links":{"self":[{"href":"https:\/\/linitiative.ca\/International\/wp-json\/wp\/v2\/posts\/122522","targetHints":{"allow":["GET"]}}],"collection":[{"href":"https:\/\/linitiative.ca\/International\/wp-json\/wp\/v2\/posts"}],"about":[{"href":"https:\/\/linitiative.ca\/International\/wp-json\/wp\/v2\/types\/post"}],"author":[{"embeddable":true,"href":"https:\/\/linitiative.ca\/International\/wp-json\/wp\/v2\/users\/1743"}],"replies":[{"embeddable":true,"href":"https:\/\/linitiative.ca\/International\/wp-json\/wp\/v2\/comments?post=122522"}],"version-history":[{"count":0,"href":"https:\/\/linitiative.ca\/International\/wp-json\/wp\/v2\/posts\/122522\/revisions"}],"wp:attachment":[{"href":"https:\/\/linitiative.ca\/International\/wp-json\/wp\/v2\/media?parent=122522"}],"wp:term":[{"taxonomy":"category","embeddable":true,"href":"https:\/\/linitiative.ca\/International\/wp-json\/wp\/v2\/categories?post=122522"},{"taxonomy":"post_tag","embeddable":true,"href":"https:\/\/linitiative.ca\/International\/wp-json\/wp\/v2\/tags?post=122522"}],"curies":[{"name":"wp","href":"https:\/\/api.w.org\/{rel}","templated":true}]}}