{"id":122524,"date":"2021-07-27T06:41:28","date_gmt":"2021-07-27T10:41:28","guid":{"rendered":"https:\/\/linitiative.ca\/International\/la-tunisie-dans-lincertitude\/"},"modified":"2021-07-27T06:41:28","modified_gmt":"2021-07-27T10:41:28","slug":"la-tunisie-dans-lincertitude","status":"publish","type":"post","link":"https:\/\/linitiative.ca\/International\/la-tunisie-dans-lincertitude\/","title":{"rendered":"La Tunisie dans l\u2019incertitude"},"content":{"rendered":"<div>\n<div class=\"sriret\"><img decoding=\"async\" src=\"https:\/\/linitiative.ca\/International\/wp-content\/uploads\/sites\/23\/2021\/07\/default-picture-709x366_c-39.jpg\"><\/div>\n<p>Le pr\u00e9sident Ka\u00efs Sa\u00efed, unique t\u00eate du pouvoir ex\u00e9cutif. L\u2019Assembl\u00e9e gel\u00e9e pour un mois et les d\u00e9put\u00e9s d\u00e9lest\u00e9s de leur immunit\u00e9. La Tunisie, appel\u00e9e \u00e0 r\u00e9soudre incessamment ses probl\u00e8mes politiques, financiers et sanitaires.<\/p>\n<p>L\u2019activation de l\u2019article 80 de la Constitution tunisienne, d\u00e9cid\u00e9e par le pr\u00e9sident Ka\u00efs Sa\u00efed, dans la soir\u00e9e d\u2019avant-hier, en marge de la F\u00eate de la R\u00e9publique, a \u00e9t\u00e9 justifi\u00e9e par un \u00abp\u00e9ril imminent\u00bb secouant le pays.<\/p>\n<p>L\u2019article <a rel=\"nofollow\" href=\"https:\/\/www.elwatan.com\/a-la-une\/la-tunisie-dans-lincertitude-27-07-2021\">La Tunisie dans l\u2019incertitude<\/a> est apparu en premier sur <a rel=\"nofollow\" href=\"https:\/\/www.elwatan.com\/\">El Watan<\/a>.<\/p>\n<\/div>\n<p>Auteur: Anis Khecheba<br \/>\n<a href=\"https:\/\/www.elwatan.com\/a-la-une\/la-tunisie-dans-lincertitude-27-07-2021\">Cliquez ici pour lire l&rsquo;article depuis sa source.<\/a><\/p>\n","protected":false},"excerpt":{"rendered":"<p>Le pr\u00e9sident Ka\u00efs Sa\u00efed, unique t\u00eate du pouvoir ex\u00e9cutif. L\u2019Assembl\u00e9e gel\u00e9e pour un mois et les d\u00e9put\u00e9s d\u00e9lest\u00e9s de leur immunit\u00e9. La Tunisie, appel\u00e9e \u00e0 r\u00e9soudre incessamment ses probl\u00e8mes politiques, financiers et sanitaires. L\u2019activation de l\u2019article 80 de la Constitution tunisienne, d\u00e9cid\u00e9e par le pr\u00e9sident Ka\u00efs Sa\u00efed, dans la soir\u00e9e d\u2019avant-hier, en marge de la [&hellip;]<\/p>\n","protected":false},"author":1743,"featured_media":0,"comment_status":"closed","ping_status":"closed","sticky":false,"template":"","format":"standard","meta":{"fifu_image_url":"https:\/\/www.elwatan.com\/wp-content\/themes\/spectr\/img\/default-picture-709x366_c.jpg","fifu_image_alt":"La Tunisie dans l\u2019incertitude","footnotes":""},"categories":[73,53],"tags":[],"class_list":["post-122524","post","type-post","status-publish","format-standard","hentry","category-actualite","category-algerie"],"_links":{"self":[{"href":"https:\/\/linitiative.ca\/International\/wp-json\/wp\/v2\/posts\/122524","targetHints":{"allow":["GET"]}}],"collection":[{"href":"https:\/\/linitiative.ca\/International\/wp-json\/wp\/v2\/posts"}],"about":[{"href":"https:\/\/linitiative.ca\/International\/wp-json\/wp\/v2\/types\/post"}],"author":[{"embeddable":true,"href":"https:\/\/linitiative.ca\/International\/wp-json\/wp\/v2\/users\/1743"}],"replies":[{"embeddable":true,"href":"https:\/\/linitiative.ca\/International\/wp-json\/wp\/v2\/comments?post=122524"}],"version-history":[{"count":0,"href":"https:\/\/linitiative.ca\/International\/wp-json\/wp\/v2\/posts\/122524\/revisions"}],"wp:attachment":[{"href":"https:\/\/linitiative.ca\/International\/wp-json\/wp\/v2\/media?parent=122524"}],"wp:term":[{"taxonomy":"category","embeddable":true,"href":"https:\/\/linitiative.ca\/International\/wp-json\/wp\/v2\/categories?post=122524"},{"taxonomy":"post_tag","embeddable":true,"href":"https:\/\/linitiative.ca\/International\/wp-json\/wp\/v2\/tags?post=122524"}],"curies":[{"name":"wp","href":"https:\/\/api.w.org\/{rel}","templated":true}]}}