{"id":122526,"date":"2021-07-27T07:56:55","date_gmt":"2021-07-27T11:56:55","guid":{"rendered":"https:\/\/linitiative.ca\/International\/cooperation-americano-algerienne-aide-formation-de-restauration-patrimoniale\/"},"modified":"2021-07-27T07:56:55","modified_gmt":"2021-07-27T11:56:55","slug":"cooperation-americano-algerienne-aide-formation-de-restauration-patrimoniale","status":"publish","type":"post","link":"https:\/\/linitiative.ca\/International\/cooperation-americano-algerienne-aide-formation-de-restauration-patrimoniale\/","title":{"rendered":"Coop\u00e9ration am\u00e9ricano-alg\u00e9rienne : Aide, formation de restauration patrimoniale"},"content":{"rendered":"<div>\n<div class=\"sriret\"><img loading=\"lazy\" decoding=\"async\" width=\"711\" height=\"1024\" src=\"https:\/\/linitiative.ca\/International\/wp-content\/uploads\/sites\/23\/2021\/07\/M.-Joey-Hood-et-Mme-Wafaa-Chaalal-ministre-de-la-Culture-et-des-Arts.jpg\" class=\"attachment-featured_large size-featured_large wp-post-image\" alt=\"\" style=\"margin-bottom: 15px;\" srcset=\"https:\/\/linitiative.ca\/International\/wp-content\/uploads\/sites\/23\/2021\/07\/M.-Joey-Hood-et-Mme-Wafaa-Chaalal-ministre-de-la-Culture-et-des-Arts.jpg 711w, https:\/\/www.elwatan.com\/wp-content\/uploads\/2021\/07\/M.-Joey-Hood-et-Mme-Wafaa-Chaalal-ministre-de-la-Culture-et-des-Arts-208x300.jpg 208w\" sizes=\"auto, (max-width: 711px) 100vw, 711px\"><\/div>\n<p>Le secr\u00e9taire d\u2019\u00c9tat adjoint par int\u00e9rim aux Affaires du Proche-Orient, Joey Hood, est arriv\u00e9 en Alg\u00e9rie le dimanche 25 juillet o\u00f9 il a eu des discussions fructueuses sur les questions bilat\u00e9rales et r\u00e9gionales avec les dirigeants alg\u00e9riens, notamment le Premier ministre Aymen Benabderrahmane, le ministre des Affaires \u00e9trang\u00e8res Ramtane Lamamra et le ministre du Commerce Kamel Rezig.<\/p>\n<p>Lors de ses entretiens, Hood a exprim\u00e9 son appr\u00e9ciation pour la relation de longue date entre les Etats-Unis et l\u2019Alg\u00e9rie et a soulign\u00e9 le leadership constant de l\u2019Alg\u00e9rie en mati\u00e8re de s\u00e9curit\u00e9 r\u00e9gionale.<\/p>\n<p>\u00ab Nos <em>deux pays continuent de jouir d\u2019une amiti\u00e9 importante et j\u2019ai h\u00e2te d\u2019explorer de nouvelles opportunit\u00e9s pour d\u00e9velopper cette relation gr\u00e2ce \u00e0 la collaboration sur la s\u00e9curit\u00e9 r\u00e9gionale, les opportunit\u00e9s commerciales et via la diplomatie culturelle\u00a0\u00bb<\/em> a d\u00e9clar\u00e9 Hood lors de sa visite.<\/p>\n<p>Hood a \u00e9galement visit\u00e9 le Mus\u00e9e des Antiquit\u00e9s et de Arts Islamiques d\u2019Alger et a officiellement lanc\u00e9 avec la ministre de la Culture et des Arts Madame Wafaa Chaalal un projet de restauration de deux \u00e9normes mosa\u00efques romaines et de formation d\u2019experts alg\u00e9riens \u00e0 la restauration des mosa\u00efques. Ce projet de restauration est financ\u00e9 par le Fonds des ambassadeurs pour la pr\u00e9servation culturelle et fait partie d\u2019une s\u00e9rie de projets de pr\u00e9servation culturelle totalisant un demi-million de dollars qui sont en cours par l\u2019interm\u00e9diaire de l\u2019ambassade des \u00c9tats-Unis \u00e0 Alger.<\/p>\n<p>\u00ab\u00a0<em>Le gouvernement des \u00c9tats-Unis est honor\u00e9 d\u2019offrir son aide pour la restauration de plusieurs de ces mosa\u00efques d\u2019envergure mondiale\u00a0\u00bb<\/em>, a d\u00e9clar\u00e9 Hood lors d\u2019un \u00e9v\u00e9nement au mus\u00e9e ce lundi. \u00ab <em>Dans le cadre de ce projet, des experts am\u00e9ricains et italiens formeront des experts alg\u00e9riens sur la fa\u00e7on de retirer et de r\u00e9parer les mosa\u00efques coul\u00e9es sur des murs en ciment. Le r\u00e9sultat sera que ces \u0153uvres d\u2019art continueront \u00e0 r\u00e9sister \u00e0 l\u2019\u00e9preuve du temps, et les experts alg\u00e9riens pourront utiliser les techniques qu\u2019ils apprendront pour restaurer des mosa\u00efques suppl\u00e9mentaires \u00e0 travers l\u2019Alg\u00e9rie.\u00a0<\/em>\u00bb<\/p>\n<p>Joey Hood a pass\u00e9 la majeure partie de sa carri\u00e8re \u00e0 travailler au Moyen-Orient, et en particulier dans la p\u00e9ninsule arabique. Il est aussi fier de faire partie d\u2019un groupe du D\u00e9partement d\u2019\u00c9tat qui \u0153uvre pour la communaut\u00e9 et le d\u00e9veloppement professionnel des employ\u00e9s musulmans et de ceux qui s\u2019int\u00e9ressent aux cultures et aux traditions des communaut\u00e9s musulmanes.<\/p>\n<p style=\"text-align: right;\"><strong>R.C.<\/strong><\/p>\n<p>L\u2019article <a rel=\"nofollow\" href=\"https:\/\/www.elwatan.com\/edition\/culture\/cooperation-americano-algerienne-aide-formation-de-restauration-patrimoniale-27-07-2021\">Coop\u00e9ration am\u00e9ricano-alg\u00e9rienne : Aide, formation de restauration patrimoniale<\/a> est apparu en premier sur <a rel=\"nofollow\" href=\"https:\/\/www.elwatan.com\/\">El Watan<\/a>.<\/p>\n<\/div>\n<p>Auteur: Mohand Yahiaoui<br \/>\n<a href=\"https:\/\/www.elwatan.com\/edition\/culture\/cooperation-americano-algerienne-aide-formation-de-restauration-patrimoniale-27-07-2021\">Cliquez ici pour lire l&rsquo;article depuis sa source.<\/a><\/p>\n","protected":false},"excerpt":{"rendered":"<p>Le secr\u00e9taire d\u2019\u00c9tat adjoint par int\u00e9rim aux Affaires du Proche-Orient, Joey Hood, est arriv\u00e9 en Alg\u00e9rie le dimanche 25 juillet o\u00f9 il a eu des discussions fructueuses sur les questions bilat\u00e9rales et r\u00e9gionales avec les dirigeants alg\u00e9riens, notamment le Premier ministre Aymen Benabderrahmane, le ministre des Affaires \u00e9trang\u00e8res Ramtane Lamamra et le ministre du Commerce [&hellip;]<\/p>\n","protected":false},"author":1743,"featured_media":0,"comment_status":"closed","ping_status":"closed","sticky":false,"template":"","format":"standard","meta":{"fifu_image_url":"https:\/\/www.elwatan.com\/wp-content\/uploads\/2021\/07\/M.-Joey-Hood-et-Mme-Wafaa-Chaalal-ministre-de-la-Culture-et-des-Arts.jpg","fifu_image_alt":"Coop\u00e9ration am\u00e9ricano-alg\u00e9rienne : Aide, formation de restauration patrimoniale","footnotes":""},"categories":[73,53],"tags":[],"class_list":["post-122526","post","type-post","status-publish","format-standard","hentry","category-actualite","category-algerie"],"_links":{"self":[{"href":"https:\/\/linitiative.ca\/International\/wp-json\/wp\/v2\/posts\/122526","targetHints":{"allow":["GET"]}}],"collection":[{"href":"https:\/\/linitiative.ca\/International\/wp-json\/wp\/v2\/posts"}],"about":[{"href":"https:\/\/linitiative.ca\/International\/wp-json\/wp\/v2\/types\/post"}],"author":[{"embeddable":true,"href":"https:\/\/linitiative.ca\/International\/wp-json\/wp\/v2\/users\/1743"}],"replies":[{"embeddable":true,"href":"https:\/\/linitiative.ca\/International\/wp-json\/wp\/v2\/comments?post=122526"}],"version-history":[{"count":0,"href":"https:\/\/linitiative.ca\/International\/wp-json\/wp\/v2\/posts\/122526\/revisions"}],"wp:attachment":[{"href":"https:\/\/linitiative.ca\/International\/wp-json\/wp\/v2\/media?parent=122526"}],"wp:term":[{"taxonomy":"category","embeddable":true,"href":"https:\/\/linitiative.ca\/International\/wp-json\/wp\/v2\/categories?post=122526"},{"taxonomy":"post_tag","embeddable":true,"href":"https:\/\/linitiative.ca\/International\/wp-json\/wp\/v2\/tags?post=122526"}],"curies":[{"name":"wp","href":"https:\/\/api.w.org\/{rel}","templated":true}]}}