{"id":122528,"date":"2021-07-27T04:50:00","date_gmt":"2021-07-27T08:50:00","guid":{"rendered":"https:\/\/linitiative.ca\/International\/hedi-dhoukar-linvitation-a-reflechir-de-hichem-djait\/"},"modified":"2021-07-27T04:50:00","modified_gmt":"2021-07-27T08:50:00","slug":"hedi-dhoukar-linvitation-a-reflechir-de-hichem-djait","status":"publish","type":"post","link":"https:\/\/linitiative.ca\/International\/hedi-dhoukar-linvitation-a-reflechir-de-hichem-djait\/","title":{"rendered":"H\u00e9di Dhoukar: L\u2019invitation \u00e0 r\u00e9fl\u00e9chir de Hichem Dja\u00eft"},"content":{"rendered":"<div><img decoding=\"async\" src=\"https:\/\/linitiative.ca\/International\/wp-content\/uploads\/sites\/23\/2021\/07\/1627373234_article.jpg\" alt=\"H\u00e9di Dhoukar: L\u2019invitation \u00e0 r\u00e9fl\u00e9chir de Hichem Dja\u00eft\" align=\"left\">Dans son dernier essai, Hichem Dja\u00eft n\u2019aborde pas la question d\u00e9mocratique, et le mot lui-m\u00eame n\u2019y appara\u00eet pas. La deuxi\u00e8me partie, o\u00f9 la question aurait pu \u00eatre \u00e9voqu\u00e9e, porte essentiellement sur le politique et le religieux dans leur relation \u00e0 l\u2019\u00c9tat. Tel est en effet l\u2019essentiel de la d\u00e9marche de l\u2019auteur. Elle porte sur le temps long et sur le rappel des fondements de la naissance des \u00c9tats, auteurs de l\u2019histoire. Ce qui donne un essai tr\u00e8s dense n\u00e9cessitant plusieurs lectures m\u00e9ticuleuses.<br \/>\nLa premi\u00e8re partie, qui invite \u00e0 une r\u00e9flexion sur l\u2019Histoire, pose les bases de la science historique proprement dite et, plus largement, celles des sciences &#8230;<\/p>\n<\/div>\n<p>Auteur:<br \/>\n<a href=\"https:\/\/www.leaders.com.tn\/article\/32202-hedi-dhoukar-l-invitation-a-reflechir-de-hichem-djait\">Cliquez ici pour lire l&rsquo;article depuis sa source.<\/a><\/p>\n","protected":false},"excerpt":{"rendered":"<p>Dans son dernier essai, Hichem Dja\u00eft n\u2019aborde pas la question d\u00e9mocratique, et le mot lui-m\u00eame n\u2019y appara\u00eet pas. La deuxi\u00e8me partie, o\u00f9 la question aurait pu \u00eatre \u00e9voqu\u00e9e, porte essentiellement sur le politique et le religieux dans leur relation \u00e0 l\u2019\u00c9tat. Tel est en effet l\u2019essentiel de la d\u00e9marche de l\u2019auteur. Elle porte sur le [&hellip;]<\/p>\n","protected":false},"author":1772,"featured_media":0,"comment_status":"closed","ping_status":"closed","sticky":false,"template":"","format":"standard","meta":{"fifu_image_url":"http:\/\/www.leaders.com.tn\/uploads\/content\/thumbnails_small\/1627373234_article.jpg","fifu_image_alt":"H\u00e9di Dhoukar: L\u2019invitation \u00e0 r\u00e9fl\u00e9chir de Hichem Dja\u00eft","footnotes":""},"categories":[73,55],"tags":[],"class_list":["post-122528","post","type-post","status-publish","format-standard","hentry","category-actualite","category-tunisie"],"_links":{"self":[{"href":"https:\/\/linitiative.ca\/International\/wp-json\/wp\/v2\/posts\/122528","targetHints":{"allow":["GET"]}}],"collection":[{"href":"https:\/\/linitiative.ca\/International\/wp-json\/wp\/v2\/posts"}],"about":[{"href":"https:\/\/linitiative.ca\/International\/wp-json\/wp\/v2\/types\/post"}],"author":[{"embeddable":true,"href":"https:\/\/linitiative.ca\/International\/wp-json\/wp\/v2\/users\/1772"}],"replies":[{"embeddable":true,"href":"https:\/\/linitiative.ca\/International\/wp-json\/wp\/v2\/comments?post=122528"}],"version-history":[{"count":0,"href":"https:\/\/linitiative.ca\/International\/wp-json\/wp\/v2\/posts\/122528\/revisions"}],"wp:attachment":[{"href":"https:\/\/linitiative.ca\/International\/wp-json\/wp\/v2\/media?parent=122528"}],"wp:term":[{"taxonomy":"category","embeddable":true,"href":"https:\/\/linitiative.ca\/International\/wp-json\/wp\/v2\/categories?post=122528"},{"taxonomy":"post_tag","embeddable":true,"href":"https:\/\/linitiative.ca\/International\/wp-json\/wp\/v2\/tags?post=122528"}],"curies":[{"name":"wp","href":"https:\/\/api.w.org\/{rel}","templated":true}]}}