{"id":122530,"date":"2021-07-27T07:17:00","date_gmt":"2021-07-27T11:17:00","guid":{"rendered":"https:\/\/linitiative.ca\/International\/mohamed-salah-ben-ammar-lethique-un-debat-public\/"},"modified":"2021-07-27T07:17:00","modified_gmt":"2021-07-27T11:17:00","slug":"mohamed-salah-ben-ammar-lethique-un-debat-public","status":"publish","type":"post","link":"https:\/\/linitiative.ca\/International\/mohamed-salah-ben-ammar-lethique-un-debat-public\/","title":{"rendered":"Mohamed Salah Ben Ammar: L\u2019\u00e9thique, un d\u00e9bat public?"},"content":{"rendered":"<div><img decoding=\"async\" src=\"https:\/\/linitiative.ca\/International\/wp-content\/uploads\/sites\/23\/2021\/07\/1627381064_article.jpg\" alt=\"Mohamed Salah Ben Ammar: L\u2019\u00e9thique, un d\u00e9bat public?\" align=\"left\">Le d\u00e9bat public en bio\u00e9thique doit s\u2019appuyer sur les conditions sociales des participants, l\u2019UNESCO le dit bien quand elle pr\u00e9conise \u00e0 la fois une approche normative et inclusive ob\u00e9issant \u00e0 un processus:<br \/>\n\u201c\u00c9tant donn\u00e9 cette n\u00e9cessit\u00e9 op\u00e9rationnelle, on peut difficilement soutenir l\u2019adoption d\u2019une approche uniquement philosophique ou scientifique ; l\u2019approche se concentre plut\u00f4t au croisement du savoir, de la technologie, de la r\u00e9flexion et de la raison. La bio\u00e9thique travaille de l\u2019int\u00e9rieur vers l\u2019ext\u00e9rieur, depuis son centre, le d\u00e9bat, en cr\u00e9ant une probl\u00e9matique changeante au niveau de la prise de conscience sociale et des politiques. Lorsque la &#8230;<\/p>\n<\/div>\n<p>Auteur:<br \/>\n<a href=\"https:\/\/www.leaders.com.tn\/article\/32204-mohamed-salah-ben-ammar-l-ethique-un-debat-public\">Cliquez ici pour lire l&rsquo;article depuis sa source.<\/a><\/p>\n","protected":false},"excerpt":{"rendered":"<p>Le d\u00e9bat public en bio\u00e9thique doit s\u2019appuyer sur les conditions sociales des participants, l\u2019UNESCO le dit bien quand elle pr\u00e9conise \u00e0 la fois une approche normative et inclusive ob\u00e9issant \u00e0 un processus: \u201c\u00c9tant donn\u00e9 cette n\u00e9cessit\u00e9 op\u00e9rationnelle, on peut difficilement soutenir l\u2019adoption d\u2019une approche uniquement philosophique ou scientifique ; l\u2019approche se concentre plut\u00f4t au croisement [&hellip;]<\/p>\n","protected":false},"author":1772,"featured_media":0,"comment_status":"closed","ping_status":"closed","sticky":false,"template":"","format":"standard","meta":{"fifu_image_url":"http:\/\/www.leaders.com.tn\/uploads\/content\/thumbnails_small\/1627381064_article.jpg","fifu_image_alt":"Mohamed Salah Ben Ammar: L\u2019\u00e9thique, un d\u00e9bat public?","footnotes":""},"categories":[73,55],"tags":[],"class_list":["post-122530","post","type-post","status-publish","format-standard","hentry","category-actualite","category-tunisie"],"_links":{"self":[{"href":"https:\/\/linitiative.ca\/International\/wp-json\/wp\/v2\/posts\/122530","targetHints":{"allow":["GET"]}}],"collection":[{"href":"https:\/\/linitiative.ca\/International\/wp-json\/wp\/v2\/posts"}],"about":[{"href":"https:\/\/linitiative.ca\/International\/wp-json\/wp\/v2\/types\/post"}],"author":[{"embeddable":true,"href":"https:\/\/linitiative.ca\/International\/wp-json\/wp\/v2\/users\/1772"}],"replies":[{"embeddable":true,"href":"https:\/\/linitiative.ca\/International\/wp-json\/wp\/v2\/comments?post=122530"}],"version-history":[{"count":0,"href":"https:\/\/linitiative.ca\/International\/wp-json\/wp\/v2\/posts\/122530\/revisions"}],"wp:attachment":[{"href":"https:\/\/linitiative.ca\/International\/wp-json\/wp\/v2\/media?parent=122530"}],"wp:term":[{"taxonomy":"category","embeddable":true,"href":"https:\/\/linitiative.ca\/International\/wp-json\/wp\/v2\/categories?post=122530"},{"taxonomy":"post_tag","embeddable":true,"href":"https:\/\/linitiative.ca\/International\/wp-json\/wp\/v2\/tags?post=122530"}],"curies":[{"name":"wp","href":"https:\/\/api.w.org\/{rel}","templated":true}]}}