{"id":122532,"date":"2021-07-27T08:00:00","date_gmt":"2021-07-27T12:00:00","guid":{"rendered":"https:\/\/linitiative.ca\/International\/les-revolutions-express-une-exception-tunisienne\/"},"modified":"2021-07-27T08:00:00","modified_gmt":"2021-07-27T12:00:00","slug":"les-revolutions-express-une-exception-tunisienne","status":"publish","type":"post","link":"https:\/\/linitiative.ca\/International\/les-revolutions-express-une-exception-tunisienne\/","title":{"rendered":"Les r\u00e9volutions express, une exception tunisienne"},"content":{"rendered":"<div><img decoding=\"async\" src=\"https:\/\/linitiative.ca\/International\/wp-content\/uploads\/sites\/23\/2021\/07\/1627384584_article.jpg\" alt=\"Les r\u00e9volutions express, une exception tunisienne\" align=\"left\">Alors que les r\u00e9volutions dans notre r\u00e9gion sont souvent sanglantes et durent longtemps, celles dont notre pays a \u00e9t\u00e9 le th\u00e9\u00e2tre depuis l&rsquo;ind\u00e9pendance sont g\u00e9n\u00e9ralement tr\u00e8s courtes et pacifiques. On en a eu la confirmation ces dernier jours. Pour remonter dans le temps, on peut citer le cas de l&rsquo;abolition de la monarchie le 25 juillet 1957. Il a suffi d&rsquo;une s\u00e9ance de la Constituante pour mettre fin \u00e0 une dynastie vieille de deux si\u00e8cles et proclamer la R\u00e9publique. Le 7 novembre 1987, Bourguiba est renvers\u00e9 par son Premier ministre Ben Ali. Une vingtaine d&rsquo;ann\u00e9es apr\u00e8s, le 14 janvier 2011, ce dernier est accul\u00e9 \u00e0 l&rsquo;exil apr\u00e8s un soul\u00e8vement populaire.<br \/>\nComme ces &#8230;<\/p>\n<\/div>\n<p>Auteur:<br \/>\n<a href=\"https:\/\/www.leaders.com.tn\/article\/32203-les-revolutions-express-une-exception-tunisienne\">Cliquez ici pour lire l&rsquo;article depuis sa source.<\/a><\/p>\n","protected":false},"excerpt":{"rendered":"<p>Alors que les r\u00e9volutions dans notre r\u00e9gion sont souvent sanglantes et durent longtemps, celles dont notre pays a \u00e9t\u00e9 le th\u00e9\u00e2tre depuis l&rsquo;ind\u00e9pendance sont g\u00e9n\u00e9ralement tr\u00e8s courtes et pacifiques. On en a eu la confirmation ces dernier jours. Pour remonter dans le temps, on peut citer le cas de l&rsquo;abolition de la monarchie le 25 [&hellip;]<\/p>\n","protected":false},"author":1772,"featured_media":0,"comment_status":"closed","ping_status":"closed","sticky":false,"template":"","format":"standard","meta":{"fifu_image_url":"http:\/\/www.leaders.com.tn\/uploads\/content\/thumbnails_small\/1627384584_article.jpg","fifu_image_alt":"Les r\u00e9volutions express, une exception tunisienne","footnotes":""},"categories":[73,55],"tags":[],"class_list":["post-122532","post","type-post","status-publish","format-standard","hentry","category-actualite","category-tunisie"],"_links":{"self":[{"href":"https:\/\/linitiative.ca\/International\/wp-json\/wp\/v2\/posts\/122532","targetHints":{"allow":["GET"]}}],"collection":[{"href":"https:\/\/linitiative.ca\/International\/wp-json\/wp\/v2\/posts"}],"about":[{"href":"https:\/\/linitiative.ca\/International\/wp-json\/wp\/v2\/types\/post"}],"author":[{"embeddable":true,"href":"https:\/\/linitiative.ca\/International\/wp-json\/wp\/v2\/users\/1772"}],"replies":[{"embeddable":true,"href":"https:\/\/linitiative.ca\/International\/wp-json\/wp\/v2\/comments?post=122532"}],"version-history":[{"count":0,"href":"https:\/\/linitiative.ca\/International\/wp-json\/wp\/v2\/posts\/122532\/revisions"}],"wp:attachment":[{"href":"https:\/\/linitiative.ca\/International\/wp-json\/wp\/v2\/media?parent=122532"}],"wp:term":[{"taxonomy":"category","embeddable":true,"href":"https:\/\/linitiative.ca\/International\/wp-json\/wp\/v2\/categories?post=122532"},{"taxonomy":"post_tag","embeddable":true,"href":"https:\/\/linitiative.ca\/International\/wp-json\/wp\/v2\/tags?post=122532"}],"curies":[{"name":"wp","href":"https:\/\/api.w.org\/{rel}","templated":true}]}}