{"id":122541,"date":"2021-07-27T15:01:35","date_gmt":"2021-07-27T19:01:35","guid":{"rendered":"https:\/\/linitiative.ca\/International\/maroc-la-loi-contre-la-pollution-causee-par-les-navires-desormais-operationnelle\/"},"modified":"2021-07-27T15:01:35","modified_gmt":"2021-07-27T19:01:35","slug":"maroc-la-loi-contre-la-pollution-causee-par-les-navires-desormais-operationnelle","status":"publish","type":"post","link":"https:\/\/linitiative.ca\/International\/maroc-la-loi-contre-la-pollution-causee-par-les-navires-desormais-operationnelle\/","title":{"rendered":"Maroc. La loi contre la pollution caus\u00e9e par les navires d\u00e9sormais op\u00e9rationnelle"},"content":{"rendered":"<div><img decoding=\"async\" width=\"1920\" height=\"800\" src=\"https:\/\/linitiative.ca\/International\/wp-content\/uploads\/sites\/23\/2021\/07\/cargo-ship-118344175-1.jpeg\" class=\"attachment-post-thumbnail size-post-thumbnail wp-post-image\" alt=\"\" loading=\"lazy\" srcset=\"https:\/\/linitiative.ca\/International\/wp-content\/uploads\/sites\/23\/2021\/07\/cargo-ship-118344175-1.jpeg 1920w, https:\/\/www.challenge.ma\/wp-content\/uploads\/2021\/07\/cargo-ship-118344175-1-300x125.jpeg 300w, https:\/\/www.challenge.ma\/wp-content\/uploads\/2021\/07\/cargo-ship-118344175-1-1024x427.jpeg 1024w, https:\/\/www.challenge.ma\/wp-content\/uploads\/2021\/07\/cargo-ship-118344175-1-768x320.jpeg 768w, https:\/\/www.challenge.ma\/wp-content\/uploads\/2021\/07\/cargo-ship-118344175-1-1536x640.jpeg 1536w, https:\/\/www.challenge.ma\/wp-content\/uploads\/2021\/07\/cargo-ship-118344175-1-360x150.jpeg 360w, https:\/\/www.challenge.ma\/wp-content\/uploads\/2021\/07\/cargo-ship-118344175-1-750x313.jpeg 750w\" sizes=\"auto, (max-width: 1920px) 100vw, 1920px\" itemprop=\"image\">Le Dahir n\u00b0 1-21-25 du 10 rejeb 1442 (22 f\u00e9vrier 2021) portant promulgation de la loi n\u00b0 69-18 relative \u00e0 la pollution par les navires a \u00e9t\u00e9 publi\u00e9 au Bulletin officiel n\u00b0 7004 du 4 hija 1442 (15 juillet 2021). La loi n\u00b069.18 relative \u00e0 la pollution caus\u00e9e par les<\/div>\n<p>Auteur: challenge<br \/>\n<a href=\"https:\/\/www.challenge.ma\/maroc-la-loi-contre-la-pollution-causee-par-les-navires-desormais-operationnelle-194027\/\">Cliquez ici pour lire l&rsquo;article depuis sa source.<\/a><\/p>\n","protected":false},"excerpt":{"rendered":"<p>Le Dahir n\u00b0 1-21-25 du 10 rejeb 1442 (22 f\u00e9vrier 2021) portant promulgation de la loi n\u00b0 69-18 relative \u00e0 la pollution par les navires a \u00e9t\u00e9 publi\u00e9 au Bulletin officiel n\u00b0 7004 du 4 hija 1442 (15 juillet 2021). La loi n\u00b069.18 relative \u00e0 la pollution caus\u00e9e par les Auteur: challenge Cliquez ici pour [&hellip;]<\/p>\n","protected":false},"author":1787,"featured_media":0,"comment_status":"closed","ping_status":"closed","sticky":false,"template":"","format":"standard","meta":{"fifu_image_url":"https:\/\/www.challenge.ma\/wp-content\/uploads\/2021\/07\/cargo-ship-118344175-1.jpeg","fifu_image_alt":"Maroc. La loi contre la pollution caus\u00e9e par les navires d\u00e9sormais op\u00e9rationnelle","footnotes":""},"categories":[78,54],"tags":[],"class_list":["post-122541","post","type-post","status-publish","format-standard","hentry","category-economie","category-maroc"],"_links":{"self":[{"href":"https:\/\/linitiative.ca\/International\/wp-json\/wp\/v2\/posts\/122541","targetHints":{"allow":["GET"]}}],"collection":[{"href":"https:\/\/linitiative.ca\/International\/wp-json\/wp\/v2\/posts"}],"about":[{"href":"https:\/\/linitiative.ca\/International\/wp-json\/wp\/v2\/types\/post"}],"author":[{"embeddable":true,"href":"https:\/\/linitiative.ca\/International\/wp-json\/wp\/v2\/users\/1787"}],"replies":[{"embeddable":true,"href":"https:\/\/linitiative.ca\/International\/wp-json\/wp\/v2\/comments?post=122541"}],"version-history":[{"count":0,"href":"https:\/\/linitiative.ca\/International\/wp-json\/wp\/v2\/posts\/122541\/revisions"}],"wp:attachment":[{"href":"https:\/\/linitiative.ca\/International\/wp-json\/wp\/v2\/media?parent=122541"}],"wp:term":[{"taxonomy":"category","embeddable":true,"href":"https:\/\/linitiative.ca\/International\/wp-json\/wp\/v2\/categories?post=122541"},{"taxonomy":"post_tag","embeddable":true,"href":"https:\/\/linitiative.ca\/International\/wp-json\/wp\/v2\/tags?post=122541"}],"curies":[{"name":"wp","href":"https:\/\/api.w.org\/{rel}","templated":true}]}}