{"id":122543,"date":"2021-07-27T15:29:53","date_gmt":"2021-07-27T19:29:53","guid":{"rendered":"https:\/\/linitiative.ca\/International\/marrakech-le-ministere-de-la-sante-enquete-sur-la-mort-dune-vaccinee\/"},"modified":"2021-07-27T15:29:53","modified_gmt":"2021-07-27T19:29:53","slug":"marrakech-le-ministere-de-la-sante-enquete-sur-la-mort-dune-vaccinee","status":"publish","type":"post","link":"https:\/\/linitiative.ca\/International\/marrakech-le-ministere-de-la-sante-enquete-sur-la-mort-dune-vaccinee\/","title":{"rendered":"Marrakech. Le minist\u00e8re de la Sant\u00e9 enqu\u00eate sur la mort d\u2019une vaccin\u00e9e"},"content":{"rendered":"<div><img decoding=\"async\" width=\"700\" height=\"400\" src=\"https:\/\/linitiative.ca\/International\/wp-content\/uploads\/sites\/23\/2021\/07\/PHOTO-3.jpg\" class=\"attachment-post-thumbnail size-post-thumbnail wp-post-image\" alt=\"\" loading=\"lazy\" srcset=\"https:\/\/linitiative.ca\/International\/wp-content\/uploads\/sites\/23\/2021\/07\/PHOTO-3.jpg 700w, https:\/\/www.challenge.ma\/wp-content\/uploads\/2020\/07\/PHOTO-3-300x171.jpg 300w, https:\/\/www.challenge.ma\/wp-content\/uploads\/2020\/07\/PHOTO-3-360x206.jpg 360w\" sizes=\"auto, (max-width: 700px) 100vw, 700px\" itemprop=\"image\">Le minist\u00e8re de la Sant\u00e9 a annonc\u00e9 avoir diligent\u00e9 une enqu\u00eate sur le d\u00e9c\u00e8s d\u2019une jeune femme \u00e0 Marrakech, lundi, apr\u00e8s avoir re\u00e7u une dose du vaccin anti Covid-19. Apr\u00e8s la r\u00e9ception de doses du vaccin Johnson &amp; Johnson, une op\u00e9ration de vaccination a cibl\u00e9, depuis dimanche dernier, plus de<\/div>\n<p>Auteur: challenge<br \/>\n<a href=\"https:\/\/www.challenge.ma\/marrakech-le-ministere-de-la-sante-enquete-sur-la-mort-dune-vaccinee-194033\/\">Cliquez ici pour lire l&rsquo;article depuis sa source.<\/a><\/p>\n","protected":false},"excerpt":{"rendered":"<p>Le minist\u00e8re de la Sant\u00e9 a annonc\u00e9 avoir diligent\u00e9 une enqu\u00eate sur le d\u00e9c\u00e8s d\u2019une jeune femme \u00e0 Marrakech, lundi, apr\u00e8s avoir re\u00e7u une dose du vaccin anti Covid-19. Apr\u00e8s la r\u00e9ception de doses du vaccin Johnson &amp; Johnson, une op\u00e9ration de vaccination a cibl\u00e9, depuis dimanche dernier, plus de Auteur: challenge Cliquez ici pour [&hellip;]<\/p>\n","protected":false},"author":1787,"featured_media":0,"comment_status":"closed","ping_status":"closed","sticky":false,"template":"","format":"standard","meta":{"fifu_image_url":"https:\/\/www.challenge.ma\/wp-content\/uploads\/2020\/07\/PHOTO-3.jpg","fifu_image_alt":"Marrakech. Le minist\u00e8re de la Sant\u00e9 enqu\u00eate sur la mort d\u2019une vaccin\u00e9e","footnotes":""},"categories":[78,54],"tags":[],"class_list":["post-122543","post","type-post","status-publish","format-standard","hentry","category-economie","category-maroc"],"_links":{"self":[{"href":"https:\/\/linitiative.ca\/International\/wp-json\/wp\/v2\/posts\/122543","targetHints":{"allow":["GET"]}}],"collection":[{"href":"https:\/\/linitiative.ca\/International\/wp-json\/wp\/v2\/posts"}],"about":[{"href":"https:\/\/linitiative.ca\/International\/wp-json\/wp\/v2\/types\/post"}],"author":[{"embeddable":true,"href":"https:\/\/linitiative.ca\/International\/wp-json\/wp\/v2\/users\/1787"}],"replies":[{"embeddable":true,"href":"https:\/\/linitiative.ca\/International\/wp-json\/wp\/v2\/comments?post=122543"}],"version-history":[{"count":0,"href":"https:\/\/linitiative.ca\/International\/wp-json\/wp\/v2\/posts\/122543\/revisions"}],"wp:attachment":[{"href":"https:\/\/linitiative.ca\/International\/wp-json\/wp\/v2\/media?parent=122543"}],"wp:term":[{"taxonomy":"category","embeddable":true,"href":"https:\/\/linitiative.ca\/International\/wp-json\/wp\/v2\/categories?post=122543"},{"taxonomy":"post_tag","embeddable":true,"href":"https:\/\/linitiative.ca\/International\/wp-json\/wp\/v2\/tags?post=122543"}],"curies":[{"name":"wp","href":"https:\/\/api.w.org\/{rel}","templated":true}]}}