{"id":122545,"date":"2021-07-27T15:54:42","date_gmt":"2021-07-27T19:54:42","guid":{"rendered":"https:\/\/linitiative.ca\/International\/industrie-luca-de-meo-patron-de-renault-group-debarque-au-maroc-avec-de-nouveaux-objectifs\/"},"modified":"2021-07-27T15:54:42","modified_gmt":"2021-07-27T19:54:42","slug":"industrie-luca-de-meo-patron-de-renault-group-debarque-au-maroc-avec-de-nouveaux-objectifs","status":"publish","type":"post","link":"https:\/\/linitiative.ca\/International\/industrie-luca-de-meo-patron-de-renault-group-debarque-au-maroc-avec-de-nouveaux-objectifs\/","title":{"rendered":"Industrie. Luca de Meo, patron de Renault Group, d\u00e9barque au Maroc avec de nouveaux objectifs"},"content":{"rendered":"<div><img decoding=\"async\" width=\"1257\" height=\"722\" src=\"https:\/\/linitiative.ca\/International\/wp-content\/uploads\/sites\/23\/2021\/07\/Luca-de-Meo-ouv.jpeg\" class=\"attachment-post-thumbnail size-post-thumbnail wp-post-image\" alt=\"\" loading=\"lazy\" srcset=\"https:\/\/linitiative.ca\/International\/wp-content\/uploads\/sites\/23\/2021\/07\/Luca-de-Meo-ouv.jpeg 1257w, https:\/\/www.challenge.ma\/wp-content\/uploads\/2021\/07\/Luca-de-Meo-ouv-300x172.jpeg 300w, https:\/\/www.challenge.ma\/wp-content\/uploads\/2021\/07\/Luca-de-Meo-ouv-1024x588.jpeg 1024w, https:\/\/www.challenge.ma\/wp-content\/uploads\/2021\/07\/Luca-de-Meo-ouv-768x441.jpeg 768w, https:\/\/www.challenge.ma\/wp-content\/uploads\/2021\/07\/Luca-de-Meo-ouv-360x207.jpeg 360w, https:\/\/www.challenge.ma\/wp-content\/uploads\/2021\/07\/Luca-de-Meo-ouv-750x431.jpeg 750w\" sizes=\"auto, (max-width: 1257px) 100vw, 1257px\" itemprop=\"image\">Dans le cadre du plan d\u2019acc\u00e9l\u00e9ration industrielle, Renault Group Maroc et le minist\u00e8re de l\u2019Industrie, du Commerce et de l\u2019\u00c9conomie Verte et Num\u00e9rique ont paraph\u00e9 en ce mardi 27 juillet une convention fixant de nouveaux objectifs pour le d\u00e9veloppement de l\u2019\u00e9cosyst\u00e8me de la firme au losange. L\u2019occasion \u00e9galement pour le<\/div>\n<p>Auteur: David J\u00e9r\u00e9mie<br \/>\n<a href=\"https:\/\/www.challenge.ma\/industrie-luca-de-meo-patron-de-renault-group-debarque-au-maroc-avec-de-nouveaux-objectifs-194036\/\">Cliquez ici pour lire l&rsquo;article depuis sa source.<\/a><\/p>\n","protected":false},"excerpt":{"rendered":"<p>Dans le cadre du plan d\u2019acc\u00e9l\u00e9ration industrielle, Renault Group Maroc et le minist\u00e8re de l\u2019Industrie, du Commerce et de l\u2019\u00c9conomie Verte et Num\u00e9rique ont paraph\u00e9 en ce mardi 27 juillet une convention fixant de nouveaux objectifs pour le d\u00e9veloppement de l\u2019\u00e9cosyst\u00e8me de la firme au losange. L\u2019occasion \u00e9galement pour le Auteur: David J\u00e9r\u00e9mie Cliquez ici [&hellip;]<\/p>\n","protected":false},"author":1787,"featured_media":0,"comment_status":"closed","ping_status":"closed","sticky":false,"template":"","format":"standard","meta":{"fifu_image_url":"https:\/\/www.challenge.ma\/wp-content\/uploads\/2021\/07\/Luca-de-Meo-ouv.jpeg","fifu_image_alt":"Industrie. Luca de Meo, patron de Renault Group, d\u00e9barque au Maroc avec de nouveaux objectifs","footnotes":""},"categories":[78,54],"tags":[],"class_list":["post-122545","post","type-post","status-publish","format-standard","hentry","category-economie","category-maroc"],"_links":{"self":[{"href":"https:\/\/linitiative.ca\/International\/wp-json\/wp\/v2\/posts\/122545","targetHints":{"allow":["GET"]}}],"collection":[{"href":"https:\/\/linitiative.ca\/International\/wp-json\/wp\/v2\/posts"}],"about":[{"href":"https:\/\/linitiative.ca\/International\/wp-json\/wp\/v2\/types\/post"}],"author":[{"embeddable":true,"href":"https:\/\/linitiative.ca\/International\/wp-json\/wp\/v2\/users\/1787"}],"replies":[{"embeddable":true,"href":"https:\/\/linitiative.ca\/International\/wp-json\/wp\/v2\/comments?post=122545"}],"version-history":[{"count":0,"href":"https:\/\/linitiative.ca\/International\/wp-json\/wp\/v2\/posts\/122545\/revisions"}],"wp:attachment":[{"href":"https:\/\/linitiative.ca\/International\/wp-json\/wp\/v2\/media?parent=122545"}],"wp:term":[{"taxonomy":"category","embeddable":true,"href":"https:\/\/linitiative.ca\/International\/wp-json\/wp\/v2\/categories?post=122545"},{"taxonomy":"post_tag","embeddable":true,"href":"https:\/\/linitiative.ca\/International\/wp-json\/wp\/v2\/tags?post=122545"}],"curies":[{"name":"wp","href":"https:\/\/api.w.org\/{rel}","templated":true}]}}