{"id":122547,"date":"2021-07-27T15:53:30","date_gmt":"2021-07-27T19:53:30","guid":{"rendered":"https:\/\/linitiative.ca\/International\/tunisie-kais-saied-met-fin-aux-fonctions-de-hauts-cadres-de-la-presidence-du-gouvernement\/"},"modified":"2021-07-27T15:53:30","modified_gmt":"2021-07-27T19:53:30","slug":"tunisie-kais-saied-met-fin-aux-fonctions-de-hauts-cadres-de-la-presidence-du-gouvernement","status":"publish","type":"post","link":"https:\/\/linitiative.ca\/International\/tunisie-kais-saied-met-fin-aux-fonctions-de-hauts-cadres-de-la-presidence-du-gouvernement\/","title":{"rendered":"Tunisie \u2013 Ka\u00efs Sa\u00efed met fin aux fonctions de hauts cadres de la pr\u00e9sidence du gouvernement"},"content":{"rendered":"<div>\n<p>Le pr\u00e9sident Ka\u00efs Sa\u00efed a d\u00e9cid\u00e9, ce mardi apr\u00e8s midi, de mettre fin aux fonctions d\u2019un nombre de hauts cadres de la pr\u00e9sidence du gouvernement, dont\u00a0: Le secr\u00e9taire g\u00e9n\u00e9ral du gouvernement Le chef du cabinet du chef du gouvernement Les conseillers aupr\u00e8s du chef du gouvernement Le pr\u00e9sident de l\u2019instance g\u00e9n\u00e9rale des martyrs et bless\u00e9s [\u2026]<\/p>\n<p>L\u2019article <a href=\"https:\/\/www.tunisienumerique.com\/tunisie-kais-saied-met-fin-aux-fonctions-de-hauts-cadres-de-la-presidence-du-gouvernement\/\">Tunisie \u2013 Ka\u00efs Sa\u00efed met fin aux fonctions de hauts cadres de la pr\u00e9sidence du gouvernement<\/a> est apparu en premier sur <a href=\"https:\/\/www.tunisienumerique.com\/\">Tunisie<\/a>.<\/p>\n<\/div>\n<p>Auteur: LM<br \/>\n<a href=\"https:\/\/www.tunisienumerique.com\/tunisie-kais-saied-met-fin-aux-fonctions-de-hauts-cadres-de-la-presidence-du-gouvernement\/\">Cliquez ici pour lire l&rsquo;article depuis sa source.<\/a><\/p>\n","protected":false},"excerpt":{"rendered":"<p>Le pr\u00e9sident Ka\u00efs Sa\u00efed a d\u00e9cid\u00e9, ce mardi apr\u00e8s midi, de mettre fin aux fonctions d\u2019un nombre de hauts cadres de la pr\u00e9sidence du gouvernement, dont\u00a0: Le secr\u00e9taire g\u00e9n\u00e9ral du gouvernement Le chef du cabinet du chef du gouvernement Les conseillers aupr\u00e8s du chef du gouvernement Le pr\u00e9sident de l\u2019instance g\u00e9n\u00e9rale des martyrs et bless\u00e9s [&hellip;]<\/p>\n","protected":false},"author":1789,"featured_media":0,"comment_status":"closed","ping_status":"closed","sticky":false,"template":"","format":"standard","meta":{"fifu_image_url":"","fifu_image_alt":"","footnotes":""},"categories":[73,55],"tags":[],"class_list":["post-122547","post","type-post","status-publish","format-standard","hentry","category-actualite","category-tunisie"],"_links":{"self":[{"href":"https:\/\/linitiative.ca\/International\/wp-json\/wp\/v2\/posts\/122547","targetHints":{"allow":["GET"]}}],"collection":[{"href":"https:\/\/linitiative.ca\/International\/wp-json\/wp\/v2\/posts"}],"about":[{"href":"https:\/\/linitiative.ca\/International\/wp-json\/wp\/v2\/types\/post"}],"author":[{"embeddable":true,"href":"https:\/\/linitiative.ca\/International\/wp-json\/wp\/v2\/users\/1789"}],"replies":[{"embeddable":true,"href":"https:\/\/linitiative.ca\/International\/wp-json\/wp\/v2\/comments?post=122547"}],"version-history":[{"count":0,"href":"https:\/\/linitiative.ca\/International\/wp-json\/wp\/v2\/posts\/122547\/revisions"}],"wp:attachment":[{"href":"https:\/\/linitiative.ca\/International\/wp-json\/wp\/v2\/media?parent=122547"}],"wp:term":[{"taxonomy":"category","embeddable":true,"href":"https:\/\/linitiative.ca\/International\/wp-json\/wp\/v2\/categories?post=122547"},{"taxonomy":"post_tag","embeddable":true,"href":"https:\/\/linitiative.ca\/International\/wp-json\/wp\/v2\/tags?post=122547"}],"curies":[{"name":"wp","href":"https:\/\/api.w.org\/{rel}","templated":true}]}}