{"id":122548,"date":"2021-07-27T16:04:20","date_gmt":"2021-07-27T20:04:20","guid":{"rendered":"https:\/\/linitiative.ca\/International\/tunisie-ghannouchi-cherche-a-former-un-front-national-contre-kais-saied\/"},"modified":"2021-07-27T16:04:20","modified_gmt":"2021-07-27T20:04:20","slug":"tunisie-ghannouchi-cherche-a-former-un-front-national-contre-kais-saied","status":"publish","type":"post","link":"https:\/\/linitiative.ca\/International\/tunisie-ghannouchi-cherche-a-former-un-front-national-contre-kais-saied\/","title":{"rendered":"Tunisie \u2013 Ghannouchi cherche \u00e0 former un front national contre Ka\u00efs Sa\u00efed"},"content":{"rendered":"<div>\n<p>Le pr\u00e9sident d\u2019Ennahdha et de l\u2019ARP gel\u00e9e, Rached Ghannouchi, a annonc\u00e9, ce mardi \u00e0 l\u2019agence Associated Press, qu\u2019il est en train de chercher \u00e0 former avec d\u2019autres parties politiques, un front national contre les d\u00e9cisions de Ka\u00efs Sa\u00efed qui a gel\u00e9 le parlement et d\u00e9mis le chef du gouvernement. Ghanouchi a assur\u00e9 qu\u2019il cherche \u00e0 [\u2026]<\/p>\n<p>L\u2019article <a href=\"https:\/\/www.tunisienumerique.com\/tunisie-ghannouchi-cherche-a-former-un-front-national-contre-kais-saied\/\">Tunisie \u2013 Ghannouchi cherche \u00e0 former un front national contre Ka\u00efs Sa\u00efed<\/a> est apparu en premier sur <a href=\"https:\/\/www.tunisienumerique.com\/\">Tunisie<\/a>.<\/p>\n<\/div>\n<p>Auteur: LM<br \/>\n<a href=\"https:\/\/www.tunisienumerique.com\/tunisie-ghannouchi-cherche-a-former-un-front-national-contre-kais-saied\/\">Cliquez ici pour lire l&rsquo;article depuis sa source.<\/a><\/p>\n","protected":false},"excerpt":{"rendered":"<p>Le pr\u00e9sident d\u2019Ennahdha et de l\u2019ARP gel\u00e9e, Rached Ghannouchi, a annonc\u00e9, ce mardi \u00e0 l\u2019agence Associated Press, qu\u2019il est en train de chercher \u00e0 former avec d\u2019autres parties politiques, un front national contre les d\u00e9cisions de Ka\u00efs Sa\u00efed qui a gel\u00e9 le parlement et d\u00e9mis le chef du gouvernement. Ghanouchi a assur\u00e9 qu\u2019il cherche \u00e0 [&hellip;]<\/p>\n","protected":false},"author":1789,"featured_media":0,"comment_status":"closed","ping_status":"closed","sticky":false,"template":"","format":"standard","meta":{"fifu_image_url":"","fifu_image_alt":"","footnotes":""},"categories":[73,55],"tags":[],"class_list":["post-122548","post","type-post","status-publish","format-standard","hentry","category-actualite","category-tunisie"],"_links":{"self":[{"href":"https:\/\/linitiative.ca\/International\/wp-json\/wp\/v2\/posts\/122548","targetHints":{"allow":["GET"]}}],"collection":[{"href":"https:\/\/linitiative.ca\/International\/wp-json\/wp\/v2\/posts"}],"about":[{"href":"https:\/\/linitiative.ca\/International\/wp-json\/wp\/v2\/types\/post"}],"author":[{"embeddable":true,"href":"https:\/\/linitiative.ca\/International\/wp-json\/wp\/v2\/users\/1789"}],"replies":[{"embeddable":true,"href":"https:\/\/linitiative.ca\/International\/wp-json\/wp\/v2\/comments?post=122548"}],"version-history":[{"count":0,"href":"https:\/\/linitiative.ca\/International\/wp-json\/wp\/v2\/posts\/122548\/revisions"}],"wp:attachment":[{"href":"https:\/\/linitiative.ca\/International\/wp-json\/wp\/v2\/media?parent=122548"}],"wp:term":[{"taxonomy":"category","embeddable":true,"href":"https:\/\/linitiative.ca\/International\/wp-json\/wp\/v2\/categories?post=122548"},{"taxonomy":"post_tag","embeddable":true,"href":"https:\/\/linitiative.ca\/International\/wp-json\/wp\/v2\/tags?post=122548"}],"curies":[{"name":"wp","href":"https:\/\/api.w.org\/{rel}","templated":true}]}}