{"id":122549,"date":"2021-07-27T16:16:31","date_gmt":"2021-07-27T20:16:31","guid":{"rendered":"https:\/\/linitiative.ca\/International\/imed-ben-halima-a-kais-saied-video-ne-nous-decois-pas\/"},"modified":"2021-07-27T16:16:31","modified_gmt":"2021-07-27T20:16:31","slug":"imed-ben-halima-a-kais-saied-video-ne-nous-decois-pas","status":"publish","type":"post","link":"https:\/\/linitiative.ca\/International\/imed-ben-halima-a-kais-saied-video-ne-nous-decois-pas\/","title":{"rendered":"Imed Ben Halima \u00e0 Kais Saied [VIDEO] : \u00ab Ne nous d\u00e9\u00e7ois pas! \u00bb"},"content":{"rendered":"<div>\n<p>L\u2019avocat par ailleurs activiste politique, Imed Ben Halima a appel\u00e9 dans\u00a0 une vid\u00e9o diffus\u00e9e sur sa page le 27 juillet 2021, le pr\u00e9sident de la R\u00e9publique, Kais Saied \u00e0 ne pas d\u00e9cevoir tous ceux qui ont soutenu ses d\u00e9cisions. \u00ab\u00a0Ne nous choquez pas d\u00e8s le d\u00e9but\u00a0! Nous avons bien accueilli tes intentions, mais nous ne [\u2026]<\/p>\n<p>L\u2019article <a href=\"https:\/\/www.tunisienumerique.com\/imed-ben-halima-a-kais-saied-video-ne-nous-decois-pas\/\">Imed Ben Halima \u00e0 Kais Saied [VIDEO] : \u00ab Ne nous d\u00e9\u00e7ois pas! \u00bb<\/a> est apparu en premier sur <a href=\"https:\/\/www.tunisienumerique.com\/\">Tunisie<\/a>.<\/p>\n<\/div>\n<p>Auteur: rania ben slimane<br \/>\n<a href=\"https:\/\/www.tunisienumerique.com\/imed-ben-halima-a-kais-saied-video-ne-nous-decois-pas\/\">Cliquez ici pour lire l&rsquo;article depuis sa source.<\/a><\/p>\n","protected":false},"excerpt":{"rendered":"<p>L\u2019avocat par ailleurs activiste politique, Imed Ben Halima a appel\u00e9 dans\u00a0 une vid\u00e9o diffus\u00e9e sur sa page le 27 juillet 2021, le pr\u00e9sident de la R\u00e9publique, Kais Saied \u00e0 ne pas d\u00e9cevoir tous ceux qui ont soutenu ses d\u00e9cisions. \u00ab\u00a0Ne nous choquez pas d\u00e8s le d\u00e9but\u00a0! Nous avons bien accueilli tes intentions, mais nous ne [&hellip;]<\/p>\n","protected":false},"author":1789,"featured_media":0,"comment_status":"closed","ping_status":"closed","sticky":false,"template":"","format":"standard","meta":{"fifu_image_url":"","fifu_image_alt":"","footnotes":""},"categories":[73,55],"tags":[],"class_list":["post-122549","post","type-post","status-publish","format-standard","hentry","category-actualite","category-tunisie"],"_links":{"self":[{"href":"https:\/\/linitiative.ca\/International\/wp-json\/wp\/v2\/posts\/122549","targetHints":{"allow":["GET"]}}],"collection":[{"href":"https:\/\/linitiative.ca\/International\/wp-json\/wp\/v2\/posts"}],"about":[{"href":"https:\/\/linitiative.ca\/International\/wp-json\/wp\/v2\/types\/post"}],"author":[{"embeddable":true,"href":"https:\/\/linitiative.ca\/International\/wp-json\/wp\/v2\/users\/1789"}],"replies":[{"embeddable":true,"href":"https:\/\/linitiative.ca\/International\/wp-json\/wp\/v2\/comments?post=122549"}],"version-history":[{"count":0,"href":"https:\/\/linitiative.ca\/International\/wp-json\/wp\/v2\/posts\/122549\/revisions"}],"wp:attachment":[{"href":"https:\/\/linitiative.ca\/International\/wp-json\/wp\/v2\/media?parent=122549"}],"wp:term":[{"taxonomy":"category","embeddable":true,"href":"https:\/\/linitiative.ca\/International\/wp-json\/wp\/v2\/categories?post=122549"},{"taxonomy":"post_tag","embeddable":true,"href":"https:\/\/linitiative.ca\/International\/wp-json\/wp\/v2\/tags?post=122549"}],"curies":[{"name":"wp","href":"https:\/\/api.w.org\/{rel}","templated":true}]}}