{"id":122551,"date":"2021-07-27T17:06:41","date_gmt":"2021-07-27T21:06:41","guid":{"rendered":"https:\/\/linitiative.ca\/International\/tunisie-mise-fin-aux-fonctions-du-directeur-general-de-la-justice-militaire\/"},"modified":"2021-07-27T17:06:41","modified_gmt":"2021-07-27T21:06:41","slug":"tunisie-mise-fin-aux-fonctions-du-directeur-general-de-la-justice-militaire","status":"publish","type":"post","link":"https:\/\/linitiative.ca\/International\/tunisie-mise-fin-aux-fonctions-du-directeur-general-de-la-justice-militaire\/","title":{"rendered":"Tunisie \u2013 Mise fin aux fonctions du directeur g\u00e9n\u00e9ral de la justice militaire"},"content":{"rendered":"<div>\n<p>Le pr\u00e9sident de la R\u00e9publique Ka\u00efs Sa\u00efed vient de d\u00e9cider de mettre fin aux fonctions du g\u00e9n\u00e9ral magistrat Taoufik Layouni, le procureur g\u00e9n\u00e9ral directeur g\u00e9n\u00e9ral de la justice militaire.<\/p>\n<p>L\u2019article <a href=\"https:\/\/www.tunisienumerique.com\/tunisie-mise-fin-aux-fonctions-du-directeur-general-de-la-justice-militaire\/\">Tunisie \u2013 Mise fin aux fonctions du directeur g\u00e9n\u00e9ral de la justice militaire<\/a> est apparu en premier sur <a href=\"https:\/\/www.tunisienumerique.com\/\">Tunisie<\/a>.<\/p>\n<\/div>\n<p>Auteur: LM<br \/>\n<a href=\"https:\/\/www.tunisienumerique.com\/tunisie-mise-fin-aux-fonctions-du-directeur-general-de-la-justice-militaire\/\">Cliquez ici pour lire l&rsquo;article depuis sa source.<\/a><\/p>\n","protected":false},"excerpt":{"rendered":"<p>Le pr\u00e9sident de la R\u00e9publique Ka\u00efs Sa\u00efed vient de d\u00e9cider de mettre fin aux fonctions du g\u00e9n\u00e9ral magistrat Taoufik Layouni, le procureur g\u00e9n\u00e9ral directeur g\u00e9n\u00e9ral de la justice militaire. L\u2019article Tunisie \u2013 Mise fin aux fonctions du directeur g\u00e9n\u00e9ral de la justice militaire est apparu en premier sur Tunisie. Auteur: LM Cliquez ici pour lire [&hellip;]<\/p>\n","protected":false},"author":1789,"featured_media":0,"comment_status":"closed","ping_status":"closed","sticky":false,"template":"","format":"standard","meta":{"fifu_image_url":"","fifu_image_alt":"","footnotes":""},"categories":[73,55],"tags":[],"class_list":["post-122551","post","type-post","status-publish","format-standard","hentry","category-actualite","category-tunisie"],"_links":{"self":[{"href":"https:\/\/linitiative.ca\/International\/wp-json\/wp\/v2\/posts\/122551","targetHints":{"allow":["GET"]}}],"collection":[{"href":"https:\/\/linitiative.ca\/International\/wp-json\/wp\/v2\/posts"}],"about":[{"href":"https:\/\/linitiative.ca\/International\/wp-json\/wp\/v2\/types\/post"}],"author":[{"embeddable":true,"href":"https:\/\/linitiative.ca\/International\/wp-json\/wp\/v2\/users\/1789"}],"replies":[{"embeddable":true,"href":"https:\/\/linitiative.ca\/International\/wp-json\/wp\/v2\/comments?post=122551"}],"version-history":[{"count":0,"href":"https:\/\/linitiative.ca\/International\/wp-json\/wp\/v2\/posts\/122551\/revisions"}],"wp:attachment":[{"href":"https:\/\/linitiative.ca\/International\/wp-json\/wp\/v2\/media?parent=122551"}],"wp:term":[{"taxonomy":"category","embeddable":true,"href":"https:\/\/linitiative.ca\/International\/wp-json\/wp\/v2\/categories?post=122551"},{"taxonomy":"post_tag","embeddable":true,"href":"https:\/\/linitiative.ca\/International\/wp-json\/wp\/v2\/tags?post=122551"}],"curies":[{"name":"wp","href":"https:\/\/api.w.org\/{rel}","templated":true}]}}