{"id":122552,"date":"2021-07-27T15:47:08","date_gmt":"2021-07-27T19:47:08","guid":{"rendered":"https:\/\/linitiative.ca\/International\/rencontre-ado-gbagbo-au-dela-des-apparences\/"},"modified":"2021-07-27T15:47:08","modified_gmt":"2021-07-27T19:47:08","slug":"rencontre-ado-gbagbo-au-dela-des-apparences","status":"publish","type":"post","link":"https:\/\/linitiative.ca\/International\/rencontre-ado-gbagbo-au-dela-des-apparences\/","title":{"rendered":"RENCONTRE ADO-  GBAGBO : \u00a0Au-del\u00e0 des apparences\u2026"},"content":{"rendered":"<div>\n<p><img decoding=\"async\" width=\"691\" height=\"460\" src=\"https:\/\/linitiative.ca\/International\/wp-content\/uploads\/sites\/23\/2021\/07\/RENCONTRE-6.jpg\" class=\"attachment- size- wp-post-image\" alt=\"\" loading=\"lazy\" style=\"float:left; margin:0 15px 15px 0;\" srcset=\"https:\/\/linitiative.ca\/International\/wp-content\/uploads\/sites\/23\/2021\/07\/RENCONTRE-6.jpg 691w, https:\/\/lepays.bf\/wp-content\/uploads\/2021\/07\/RENCONTRE-6-300x200.jpg 300w\" sizes=\"auto, (max-width: 691px) 100vw, 691px\">C\u2019est fait ! Dix ans apr\u00e8s la crise post-\u00e9lectorale qui a d\u00e9chir\u00e9 la C\u00f4te d\u2019Ivoire, le pr\u00e9sident Alassane Dramane Ouattara (ADO), solidement install\u00e9 au palais de Cocody, a re\u00e7u officiellement son pr\u00e9d\u00e9cesseur, Laurent Gbagbo, au palais pr\u00e9sidentiel. C\u2019\u00e9tait le 27 juillet 2021, dans la capitale \u00e9conomique ivoirienne.\u00a0 Le moins que l\u2019on puisse dire, c\u2019est que \u2026<\/p>\n<p>L\u2019article <a rel=\"nofollow\" href=\"https:\/\/lepays.bf\/rencontre-ado-gbagbo-2\/\">RENCONTRE ADO-  GBAGBO : \u00a0Au-del\u00e0 des apparences\u2026<\/a> est apparu en premier sur <a rel=\"nofollow\" href=\"https:\/\/lepays.bf\/\">Editions Le Pays<\/a>.<\/p>\n<\/div>\n<p>Auteur: Editions LEPAYS<br \/>\n<a href=\"https:\/\/lepays.bf\/rencontre-ado-gbagbo-2\/\">Cliquez ici pour lire l&rsquo;article depuis sa source.<\/a><\/p>\n","protected":false},"excerpt":{"rendered":"<p>C\u2019est fait ! Dix ans apr\u00e8s la crise post-\u00e9lectorale qui a d\u00e9chir\u00e9 la C\u00f4te d\u2019Ivoire, le pr\u00e9sident Alassane Dramane Ouattara (ADO), solidement install\u00e9 au palais de Cocody, a re\u00e7u officiellement son pr\u00e9d\u00e9cesseur, Laurent Gbagbo, au palais pr\u00e9sidentiel. C\u2019\u00e9tait le 27 juillet 2021, dans la capitale \u00e9conomique ivoirienne.\u00a0 Le moins que l\u2019on puisse dire, c\u2019est que [&hellip;]<\/p>\n","protected":false},"author":1813,"featured_media":0,"comment_status":"closed","ping_status":"closed","sticky":false,"template":"","format":"standard","meta":{"fifu_image_url":"https:\/\/lepays.bf\/wp-content\/uploads\/2021\/07\/RENCONTRE-6.jpg","fifu_image_alt":"RENCONTRE ADO-  GBAGBO : \u00a0Au-del\u00e0 des apparences\u2026","footnotes":""},"categories":[73,81],"tags":[],"class_list":["post-122552","post","type-post","status-publish","format-standard","hentry","category-actualite","category-burkina-faso"],"_links":{"self":[{"href":"https:\/\/linitiative.ca\/International\/wp-json\/wp\/v2\/posts\/122552","targetHints":{"allow":["GET"]}}],"collection":[{"href":"https:\/\/linitiative.ca\/International\/wp-json\/wp\/v2\/posts"}],"about":[{"href":"https:\/\/linitiative.ca\/International\/wp-json\/wp\/v2\/types\/post"}],"author":[{"embeddable":true,"href":"https:\/\/linitiative.ca\/International\/wp-json\/wp\/v2\/users\/1813"}],"replies":[{"embeddable":true,"href":"https:\/\/linitiative.ca\/International\/wp-json\/wp\/v2\/comments?post=122552"}],"version-history":[{"count":0,"href":"https:\/\/linitiative.ca\/International\/wp-json\/wp\/v2\/posts\/122552\/revisions"}],"wp:attachment":[{"href":"https:\/\/linitiative.ca\/International\/wp-json\/wp\/v2\/media?parent=122552"}],"wp:term":[{"taxonomy":"category","embeddable":true,"href":"https:\/\/linitiative.ca\/International\/wp-json\/wp\/v2\/categories?post=122552"},{"taxonomy":"post_tag","embeddable":true,"href":"https:\/\/linitiative.ca\/International\/wp-json\/wp\/v2\/tags?post=122552"}],"curies":[{"name":"wp","href":"https:\/\/api.w.org\/{rel}","templated":true}]}}