{"id":122554,"date":"2021-07-27T15:49:44","date_gmt":"2021-07-27T19:49:44","guid":{"rendered":"https:\/\/linitiative.ca\/International\/deces-suspect-du-presume-agresseur-dassimi-goita-au-mali-que-va-t-on-faire-dire-au-mort\/"},"modified":"2021-07-27T15:49:44","modified_gmt":"2021-07-27T19:49:44","slug":"deces-suspect-du-presume-agresseur-dassimi-goita-au-mali-que-va-t-on-faire-dire-au-mort","status":"publish","type":"post","link":"https:\/\/linitiative.ca\/International\/deces-suspect-du-presume-agresseur-dassimi-goita-au-mali-que-va-t-on-faire-dire-au-mort\/","title":{"rendered":"DECES SUSPECT DU PRESUME AGRESSEUR D\u2019ASSIMI GOITA AU MALI  \u00a0:\u00a0Que va-t-on faire dire au mort\u00a0?"},"content":{"rendered":"<div>\n<p><img decoding=\"async\" width=\"900\" height=\"490\" src=\"https:\/\/linitiative.ca\/International\/wp-content\/uploads\/sites\/23\/2021\/07\/MALI-9.jpg\" class=\"attachment- size- wp-post-image\" alt=\"\" loading=\"lazy\" style=\"float:left; margin:0 15px 15px 0;\" srcset=\"https:\/\/linitiative.ca\/International\/wp-content\/uploads\/sites\/23\/2021\/07\/MALI-9.jpg 900w, https:\/\/lepays.bf\/wp-content\/uploads\/2021\/07\/MALI-9-300x163.jpg 300w, https:\/\/lepays.bf\/wp-content\/uploads\/2021\/07\/MALI-9-768x418.jpg 768w\" sizes=\"auto, (max-width: 900px) 100vw, 900px\">Alors que l\u2019enqu\u00eate sur la tentative d\u2019assassinat au couteau, le jour de la Tabaski, du pr\u00e9sident de la transition malienne, Assimi Go\u00efta, n\u2019a pas encore livr\u00e9 ses r\u00e9sultats, un communiqu\u00e9 gouvernemental en date du 25 juillet dernier, annonce de fa\u00e7on presque laconique, la mort du d\u00e9tenu qui \u00e9tait gard\u00e9 \u00e0 vue au niveau des services \u2026<\/p>\n<p>L\u2019article <a rel=\"nofollow\" href=\"https:\/\/lepays.bf\/deces-suspect-du-presume-agresseur-dassimi-goita-au-mali-2\/\">DECES SUSPECT DU PRESUME AGRESSEUR D\u2019ASSIMI GOITA AU MALI  \u00a0:\u00a0Que va-t-on faire dire au mort\u00a0?<\/a> est apparu en premier sur <a rel=\"nofollow\" href=\"https:\/\/lepays.bf\/\">Editions Le Pays<\/a>.<\/p>\n<\/div>\n<p>Auteur: Editions LEPAYS<br \/>\n<a href=\"https:\/\/lepays.bf\/deces-suspect-du-presume-agresseur-dassimi-goita-au-mali-2\/\">Cliquez ici pour lire l&rsquo;article depuis sa source.<\/a><\/p>\n","protected":false},"excerpt":{"rendered":"<p>Alors que l\u2019enqu\u00eate sur la tentative d\u2019assassinat au couteau, le jour de la Tabaski, du pr\u00e9sident de la transition malienne, Assimi Go\u00efta, n\u2019a pas encore livr\u00e9 ses r\u00e9sultats, un communiqu\u00e9 gouvernemental en date du 25 juillet dernier, annonce de fa\u00e7on presque laconique, la mort du d\u00e9tenu qui \u00e9tait gard\u00e9 \u00e0 vue au niveau des services [&hellip;]<\/p>\n","protected":false},"author":1813,"featured_media":0,"comment_status":"closed","ping_status":"closed","sticky":false,"template":"","format":"standard","meta":{"fifu_image_url":"https:\/\/lepays.bf\/wp-content\/uploads\/2021\/07\/MALI-9.jpg","fifu_image_alt":"DECES SUSPECT DU PRESUME AGRESSEUR D\u2019ASSIMI GOITA AU MALI  \u00a0:\u00a0Que va-t-on faire dire au mort\u00a0?","footnotes":""},"categories":[73,81],"tags":[],"class_list":["post-122554","post","type-post","status-publish","format-standard","hentry","category-actualite","category-burkina-faso"],"_links":{"self":[{"href":"https:\/\/linitiative.ca\/International\/wp-json\/wp\/v2\/posts\/122554","targetHints":{"allow":["GET"]}}],"collection":[{"href":"https:\/\/linitiative.ca\/International\/wp-json\/wp\/v2\/posts"}],"about":[{"href":"https:\/\/linitiative.ca\/International\/wp-json\/wp\/v2\/types\/post"}],"author":[{"embeddable":true,"href":"https:\/\/linitiative.ca\/International\/wp-json\/wp\/v2\/users\/1813"}],"replies":[{"embeddable":true,"href":"https:\/\/linitiative.ca\/International\/wp-json\/wp\/v2\/comments?post=122554"}],"version-history":[{"count":0,"href":"https:\/\/linitiative.ca\/International\/wp-json\/wp\/v2\/posts\/122554\/revisions"}],"wp:attachment":[{"href":"https:\/\/linitiative.ca\/International\/wp-json\/wp\/v2\/media?parent=122554"}],"wp:term":[{"taxonomy":"category","embeddable":true,"href":"https:\/\/linitiative.ca\/International\/wp-json\/wp\/v2\/categories?post=122554"},{"taxonomy":"post_tag","embeddable":true,"href":"https:\/\/linitiative.ca\/International\/wp-json\/wp\/v2\/tags?post=122554"}],"curies":[{"name":"wp","href":"https:\/\/api.w.org\/{rel}","templated":true}]}}