{"id":122556,"date":"2021-07-27T07:41:56","date_gmt":"2021-07-27T11:41:56","guid":{"rendered":"https:\/\/linitiative.ca\/International\/9e-sommet-du-tac-les-conclusions-des-experts-a-la-loupe-des-ministres-des-affaires-etrangeres\/"},"modified":"2021-07-27T07:41:56","modified_gmt":"2021-07-27T11:41:56","slug":"9e-sommet-du-tac-les-conclusions-des-experts-a-la-loupe-des-ministres-des-affaires-etrangeres","status":"publish","type":"post","link":"https:\/\/linitiative.ca\/International\/9e-sommet-du-tac-les-conclusions-des-experts-a-la-loupe-des-ministres-des-affaires-etrangeres\/","title":{"rendered":"9e sommet du TAC\u00a0: Les conclusions des experts \u00e0 la loupe des ministres des affaires \u00e9trang\u00e8res"},"content":{"rendered":"<div>\n<p><strong>\u00a0<\/strong><strong>La 9<sup>e<\/sup> conf\u00e9rence au sommet du Trait\u00e9 d\u2019amiti\u00e9 et de Coop\u00e9ration (TAC) entre le Burkina Faso et de la C\u00f4te-D\u2019Ivoire a entam\u00e9 sa troisi\u00e8me journ\u00e9e de travail avec la r\u00e9union des ministres en charge des affaires \u00e9trang\u00e8res des deux pays, le lundi 26 juillet 2021, \u00e0 Abidjan. <\/strong><\/p>\n<p>Apr\u00e8s deux jours d\u2019\u00e9changes, les experts de la 9<sup>e<\/sup> conf\u00e9rence au sommet du Trait\u00e9 d\u2019amiti\u00e9 et de Coop\u00e9ration (TAC) entre le Burkina Faso et la C\u00f4te-D\u2019Ivoire ont soumis leurs travaux \u00e0 l\u2019\u00e9tude des ministres en charge des affaires \u00e9trang\u00e8res des deux Etats, le lundi 26 juillet 2021, \u00e0 Abidjan. Cette rencontre minist\u00e9rielle vise \u00e0 peaufiner les dossiers qui seront soumis au conjoint de gouvernement de ce mardi 27 juillet 2021 dans la capitale \u00e9conomique ivoirienne.<\/p>\n<p>Selon le ministre burkinab\u00e8 des Affaires \u00e9trang\u00e8res, de la Coop\u00e9ration, de l\u2019Int\u00e9gration africaine et des Burkinab\u00e8 de l\u2019ext\u00e9rieur, Alpha Barry, les deux pays sont li\u00e9s par une communaut\u00e9 de destin qui engage les deux gouvernements et les deux peuples \u00e0 \u0153uvrer inlassablement au renforcement de leurs relations. Ce destin en partage impose aux deux nations de relever conjointement les d\u00e9fis de d\u00e9veloppement socio\u00e9conomique auxquels ils font face.<\/p>\n<p><em>\u00ab\u00a0Aujourd\u2019hui, ces d\u00e9fis sont avant tout la s\u00e9curit\u00e9 \u00e0 notre fronti\u00e8re commune, l\u2019approvisionnement \u00e0 moindre co\u00fbt de nos march\u00e9s, la pand\u00e9mie de la COVID-19 et ses cons\u00e9quences socio\u00e9conomiques sur la vie de nos populations comme la fermeture de nos fronti\u00e8res, la lutte contre la maltraitance des enfants, l\u2019orpaillage ill\u00e9gal\u00a0\u00bb<\/em>, a-t-il pr\u00e9cis\u00e9. A ces pr\u00e9occupations \u00e0 l\u2019ordre du jour de la r\u00e9union minist\u00e9rielle, s\u2019ajoutent les questions relatives \u00e0 l\u2019approvisionnement en \u00e9lectricit\u00e9 et en hydrocarbures, aux chantiers de l\u2019autoroute et du chemin du fer, au transport a\u00e9rien, a fait savoir le ministre Barry.<\/p>\n<p><strong>Un traitement efficient des dossiers<\/strong><\/p>\n<p>Toutes les recommandations et conclusions des experts des deux parties sur ces sujets devront faire l\u2019objet d\u2019examen et de recommandations consensuelles par les patrons de la diplomatie ivoirienne et burkinab\u00e8. La ministre ivoirienne en charge des affaires \u00e9trang\u00e8res, Kandia Camara, a f\u00e9licit\u00e9 l\u2019ensemble des experts pour les r\u00e9sultats de leurs travaux qui leur ont permis de mesurer le taux de mise en \u0153uvre des diligences d\u00e9volues \u00e0 chacun des deux pays, de m\u00eame que le niveau de r\u00e9alisation des t\u00e2ches qu\u2019ils devront \u00eatre ex\u00e9cut\u00e9es conjointement. Pour elle, le bilan du TAC de 2019 fait par les techniciens des deux pays devra permettre d\u2019adopter les orientations politiques appropri\u00e9es pour op\u00e9rer des ajustements n\u00e9cessaires dans la perspective de l\u2019atteinte des objectifs communs aux deux pays.<\/p>\n<figure id=\"attachment_37873\" aria-describedby=\"caption-attachment-37873\" style=\"width: 696px\" class=\"wp-caption alignleft\"><img decoding=\"async\" loading=\"lazy\" class=\"wp-image-37873 size-large\" src=\"https:\/\/linitiative.ca\/International\/wp-content\/uploads\/sites\/23\/2021\/07\/2-2021-07-26T184948.029-1024x674-1.jpeg\" alt=\"\" width=\"696\" height=\"458\" srcset=\"https:\/\/linitiative.ca\/International\/wp-content\/uploads\/sites\/23\/2021\/07\/2-2021-07-26T184948.029-1024x674-1.jpeg 1024w, https:\/\/www.sidwaya.info\/wp-content\/uploads\/2021\/07\/2-2021-07-26T184948.029-300x198.jpeg 300w, https:\/\/www.sidwaya.info\/wp-content\/uploads\/2021\/07\/2-2021-07-26T184948.029-768x506.jpeg 768w, https:\/\/www.sidwaya.info\/wp-content\/uploads\/2021\/07\/2-2021-07-26T184948.029-150x99.jpeg 150w, https:\/\/www.sidwaya.info\/wp-content\/uploads\/2021\/07\/2-2021-07-26T184948.029-696x458.jpeg 696w, https:\/\/www.sidwaya.info\/wp-content\/uploads\/2021\/07\/2-2021-07-26T184948.029-1068x703.jpeg 1068w, https:\/\/www.sidwaya.info\/wp-content\/uploads\/2021\/07\/2-2021-07-26T184948.029-638x420.jpeg 638w, https:\/\/www.sidwaya.info\/wp-content\/uploads\/2021\/07\/2-2021-07-26T184948.029.jpeg 1080w\" sizes=\"auto, (max-width: 696px) 100vw, 696px\"><figcaption id=\"caption-attachment-37873\" class=\"wp-caption-text\">Le ministre ivoirien en charge des affaires \u00e9trang\u00e8res, Kandia Camara : \u00ab Je suis persuad\u00e9e que face \u00e0 la recrudescence du terrorisme, une place de choix sera accord\u00e9e \u00e0 cette question\u00bb.<\/figcaption><\/figure>\n<p><em>\u00ab\u00a0Il nous faudra proc\u00e9der \u00e0 l\u2019examen de nouveaux centres d\u2019int\u00e9r\u00eats identifi\u00e9s par nos experts et des dossiers sp\u00e9cifiques auxquels il nous reviendra de proposer des directives politiques n\u00e9cessaires pour un traitement efficace et efficient, en prenant en compte les enjeux de s\u00e9curisation de nos pays face au p\u00e9ril du terrorisme. Je suis persuad\u00e9e que face \u00e0 la recrudescence de ce fl\u00e9au, une place de choix sera accord\u00e9e \u00e0 cette question, sans occulter les autres aspects de d\u00e9veloppement en vue du bien-\u00eatre de nos populations\u00a0\u00bb<\/em>, a soulign\u00e9 la ministre Camara.<\/p>\n<p>Les deux ministres burkinab\u00e8 et ivoirienne ont rappel\u00e9 la vision et l\u2019attachement des pr\u00e9sidents du Burkina Faso, Roch Marc Christian Kabor\u00e9, et de la C\u00f4te-D\u2019ivoire, Alassane Dramane Ouattara, \u00e0 ces concertations r\u00e9guli\u00e8res entre les deux gouvernements et qui sont porteuses d\u2019espoir pour les deux peuples.<\/p>\n<p style=\"text-align: right\"><strong>Mahamadi SEBOGO<\/strong><\/p>\n<p style=\"text-align: right\"><strong><a href=\"mailto:Windmad76@gmail.com\">Windmad76@gmail.com<\/a><\/strong><\/p>\n<p style=\"text-align: right\"><strong>Envoy\u00e9 sp\u00e9cial<\/strong><\/p>\n<p style=\"text-align: right\"><strong>\u00e0 Abidjan (RCI)<\/strong><\/p>\n<p style=\"text-align: right\">\n<p>L\u2019article <a rel=\"nofollow\" href=\"https:\/\/www.sidwaya.info\/blog\/2021\/07\/27\/9e-sommet-du-tac-les-conclusions-des-experts-a-la-loupe-des-ministres-des-affaires-etrangeres\/\">9e sommet du TAC\u00a0: Les conclusions des experts \u00e0 la loupe des ministres des affaires \u00e9trang\u00e8res<\/a> est apparu en premier sur <a rel=\"nofollow\" href=\"https:\/\/www.sidwaya.info\/\">Quotidien Sidwaya<\/a>.<\/p>\n<\/div>\n<p>Auteur: Wamini SIDWAYA<br \/>\n<a href=\"https:\/\/www.sidwaya.info\/blog\/2021\/07\/27\/9e-sommet-du-tac-les-conclusions-des-experts-a-la-loupe-des-ministres-des-affaires-etrangeres\/\">Cliquez ici pour lire l&rsquo;article depuis sa source.<\/a><\/p>\n","protected":false},"excerpt":{"rendered":"<p>\u00a0La 9e conf\u00e9rence au sommet du Trait\u00e9 d\u2019amiti\u00e9 et de Coop\u00e9ration (TAC) entre le Burkina Faso et de la C\u00f4te-D\u2019Ivoire a entam\u00e9 sa troisi\u00e8me journ\u00e9e de travail avec la r\u00e9union des ministres en charge des affaires \u00e9trang\u00e8res des deux pays, le lundi 26 juillet 2021, \u00e0 Abidjan. Apr\u00e8s deux jours d\u2019\u00e9changes, les experts de la [&hellip;]<\/p>\n","protected":false},"author":1816,"featured_media":0,"comment_status":"closed","ping_status":"closed","sticky":false,"template":"","format":"standard","meta":{"fifu_image_url":"https:\/\/www.sidwaya.info\/wp-content\/uploads\/2021\/07\/2-2021-07-26T184948.029-1024x674.jpeg","fifu_image_alt":"9e sommet du TAC\u00a0: Les conclusions des experts \u00e0 la loupe des ministres des affaires \u00e9trang\u00e8res","footnotes":""},"categories":[73,81],"tags":[],"class_list":["post-122556","post","type-post","status-publish","format-standard","hentry","category-actualite","category-burkina-faso"],"_links":{"self":[{"href":"https:\/\/linitiative.ca\/International\/wp-json\/wp\/v2\/posts\/122556","targetHints":{"allow":["GET"]}}],"collection":[{"href":"https:\/\/linitiative.ca\/International\/wp-json\/wp\/v2\/posts"}],"about":[{"href":"https:\/\/linitiative.ca\/International\/wp-json\/wp\/v2\/types\/post"}],"author":[{"embeddable":true,"href":"https:\/\/linitiative.ca\/International\/wp-json\/wp\/v2\/users\/1816"}],"replies":[{"embeddable":true,"href":"https:\/\/linitiative.ca\/International\/wp-json\/wp\/v2\/comments?post=122556"}],"version-history":[{"count":0,"href":"https:\/\/linitiative.ca\/International\/wp-json\/wp\/v2\/posts\/122556\/revisions"}],"wp:attachment":[{"href":"https:\/\/linitiative.ca\/International\/wp-json\/wp\/v2\/media?parent=122556"}],"wp:term":[{"taxonomy":"category","embeddable":true,"href":"https:\/\/linitiative.ca\/International\/wp-json\/wp\/v2\/categories?post=122556"},{"taxonomy":"post_tag","embeddable":true,"href":"https:\/\/linitiative.ca\/International\/wp-json\/wp\/v2\/tags?post=122556"}],"curies":[{"name":"wp","href":"https:\/\/api.w.org\/{rel}","templated":true}]}}