{"id":122560,"date":"2021-07-27T09:57:24","date_gmt":"2021-07-27T13:57:24","guid":{"rendered":"https:\/\/linitiative.ca\/International\/fonds-burkinabe-de-developpement-economique-et-social-on-ne-doit-pas-sattendre-a-etre-tous-embauches-dans-la-fonction-publique-le-directeur-general-bruno-compaore\/"},"modified":"2021-07-27T09:57:24","modified_gmt":"2021-07-27T13:57:24","slug":"fonds-burkinabe-de-developpement-economique-et-social-on-ne-doit-pas-sattendre-a-etre-tous-embauches-dans-la-fonction-publique-le-directeur-general-bruno-compaore","status":"publish","type":"post","link":"https:\/\/linitiative.ca\/International\/fonds-burkinabe-de-developpement-economique-et-social-on-ne-doit-pas-sattendre-a-etre-tous-embauches-dans-la-fonction-publique-le-directeur-general-bruno-compaore\/","title":{"rendered":"Fonds burkinab\u00e8 de d\u00e9veloppement \u00e9conomique et social\u00a0: \u00ab\u00a0On ne doit pas s\u2019attendre \u00e0 \u00eatre tous embauch\u00e9s dans la fonction publique \u00bb, le directeur g\u00e9n\u00e9ral Bruno Compaor\u00e9"},"content":{"rendered":"<div>\n<p><strong>La direction g\u00e9n\u00e9rale du Fonds burkinab\u00e9 de d\u00e9veloppement \u00e9conomique et social (FBDES), en collaboration avec l\u2019Institut de recherche sur les syst\u00e8mes de l\u2019entrepreneuriat (RISE), a lanc\u00e9 le samedi 24 juillet 2021 \u00e0 Koudougou, la campagne de la communication sur le th\u00e8me: <em>\u00ab\u00a0Les innovations technologiques et scientifiques, quelles contributions du FBDES dans le processus de lutte contre le ch\u00f4mage des jeunes au Burkina Faso\u00a0\u00bb.<\/em><\/strong><\/p>\n<p>Le lancement de la campagne de la communication du Fonds burkinab\u00e9 de d\u00e9veloppement \u00e9conomique et social (FBDES) a r\u00e9uni le samedi 24 juillet 2021 dans la cit\u00e9 du Cavalier rouge, les \u00e9tudiants de l\u2019Universit\u00e9 Norbert Zongo. Une campagne qui leur permettra selon le directeur g\u00e9n\u00e9ral du FBDES, Bruno Compaor\u00e9, de s\u2019inscrire au programme \u2018\u2019Burkina Startups\u2019\u2019. A l\u2019entendre, ce programme pr\u00e9sidentiel, lanc\u00e9 en 2017, a \u00e9t\u00e9 cr\u00e9\u00e9 pour financer les projets des jeunes qui ont des id\u00e9es tr\u00e8s innovantes. En un mot, il s\u2019agit de nouer avec ce programme, des relations d\u2019affaires entre les jeunes entrepreneurs et les seniors exp\u00e9riment\u00e9s, afin de cr\u00e9er une compl\u00e9mentarit\u00e9, \u00e0 m\u00eame de favoriser la r\u00e9ussite des entreprises cr\u00e9\u00e9es. De l\u2019avis de M. Compaor\u00e9, de nos jours, on ne doit pas s\u2019attendre \u00e0 \u00eatre tous embauch\u00e9s dans la Fonction publique\u00a0: <em>\u00ab\u00a0Dans les pays anglo-saxons et am\u00e9ricains, ce sont ceux qui ont \u00e9chou\u00e9 qui sont dans des bureaux. En principe, quelqu\u2019un qui a fait des \u00e9tudes doit s\u2019auto-employer et entreprendre. Malheureusement,<\/em> <em>nous nous sommes rendu compte que les programmes de financement des jeunes sont m\u00e9connus \u00bb<\/em>, a-t-il d\u00e9plor\u00e9. Il a fait savoir que le programme \u2018\u2019Burkina startups\u2019\u2019 est digitalis\u00e9 et il permet aux jeunes de postuler.<em> \u00ab\u00a0Nous les rassurons qu\u2019il y a la transparence avec l\u2019accompagnement du REN-LAC, parce que nous estimons que tous les Burkinab\u00e9 doivent avoir la m\u00eame chance\u00a0\u00bb<\/em>, a-t-il confi\u00e9. Le responsable de l\u2019Institut de recherche sur les syst\u00e8mes de l\u2019entrepreneuriat (RISE), Siaka Coulibaly, qui a donn\u00e9 une communication sur le th\u00e8me, a fait ressortir toutes les facettes li\u00e9es au montage d\u2019un bon projet innovant, car il a dit regrett\u00e9 que sur 259 propositions de projets re\u00e7us par le fonds, seulement 16 ont \u00e9t\u00e9 retenus.<\/p>\n<p><img decoding=\"async\" loading=\"lazy\" class=\"alignnone wp-image-37888 size-full\" src=\"https:\/\/linitiative.ca\/International\/wp-content\/uploads\/sites\/23\/2021\/07\/photo-4.jpg\" alt=\"\" width=\"640\" height=\"480\" srcset=\"https:\/\/linitiative.ca\/International\/wp-content\/uploads\/sites\/23\/2021\/07\/photo-4.jpg 640w, https:\/\/www.sidwaya.info\/wp-content\/uploads\/2021\/07\/photo-4-300x225.jpg 300w, https:\/\/www.sidwaya.info\/wp-content\/uploads\/2021\/07\/photo-4-150x113.jpg 150w, https:\/\/www.sidwaya.info\/wp-content\/uploads\/2021\/07\/photo-4-560x420.jpg 560w, https:\/\/www.sidwaya.info\/wp-content\/uploads\/2021\/07\/photo-4-80x60.jpg 80w, https:\/\/www.sidwaya.info\/wp-content\/uploads\/2021\/07\/photo-4-265x198.jpg 265w\" sizes=\"auto, (max-width: 640px) 100vw, 640px\"><\/p>\n<p><strong>L\u2019Afrique doit innover ou p\u00e9rir<\/strong><\/p>\n<p>C\u2019est la raison pour laquelle, il a not\u00e9 qu\u2019il faut donner des ressources aux \u00e9tudiants, pour qu\u2019ils comprennent comment aller vers le prototypage, les mod\u00e8les qui fonctionnent, les \u00e9tudes de march\u00e9 et le montage d\u2019un bon plan d\u2019affaire. <em>\u00ab\u00a0Avec toutes les opportunit\u00e9s qui existent dans la r\u00e9gion du Centre-ouest, nous allons montrer tous les secteurs d\u2019activit\u00e9s qui pourraient faire l\u2019objet d\u2019innovations majeures et voir comment former l\u2019\u00e9cosyst\u00e8me d\u2019innovation\u00a0\u00bb<\/em>, a indiqu\u00e9 M. Coulibaly. Pour lui, l\u2019Afrique doit innover ou p\u00e9rir. <em>\u00ab\u00a0Et si nous devons innover, ce sont les jeunes qui doivent \u00eatre prioritaires, parce qu\u2019ils ont plus de ressources. Tout ce qui nous entoure a un contenu scientifique et technologique et ces derniers doivent maitriser l\u2019avenir, les concepts techniques et pouvoir r\u00e9soudre les probl\u00e8mes de d\u00e9veloppement dans nos soci\u00e9t\u00e9s\u00a0\u00bb<\/em>, a-t-il convenu. La vice-pr\u00e9sidente de l\u2019Universit\u00e9 Norbert Zongo (UNZ), en charge de la professionnalisation et des relations universit\u00e9s entreprises, Pr Afsata Par\u00e9, a dit accueillir avec joie cette campagne de communication et a souhait\u00e9 qu\u2019apr\u00e8s ces \u00e9changes, les \u00e9tudiants soient capables de faire des propositions finan\u00e7ables. <em>\u00ab\u00a0Nous sommes heureux de constater que le fonds est toujours avec nous pour nous aider \u00e0 avancer dans le chemin, qui est celui des universit\u00e9s \u00e0 l\u2019heure actuelle et de faire en sorte que les mentalit\u00e9s changent au regard de l\u2019emploi des jeunes\u00a0\u00bb<\/em>, s\u2019est-elle r\u00e9jouie. Cr\u00e9\u00e9 depuis 1975, le FBDES selon son directeur g\u00e9n\u00e9ral, Bruno Compaor\u00e9, avait pour mission de prendre en charge le contr\u00f4le des entreprises. Il a subi par la suite, certaines mutations et a aujourd\u2019hui en son sein, des programmes de d\u00e9veloppement, de financement surtout de l\u2019entrepreneuriat et de l\u2019industrie au Burkina Faso. Le fonds va faire le tour des 13 r\u00e9gions du Burkina Faso, pour former les jeunes \u00e0 passer de l\u2019id\u00e9e de projet, \u00e0 la traduction d\u2019un projet innovant.<\/p>\n<p><strong>Afs\u00e9tou SAWADOGO<\/strong><\/p>\n<p>L\u2019article <a rel=\"nofollow\" href=\"https:\/\/www.sidwaya.info\/blog\/2021\/07\/27\/fonds-burkinabe-de-developpement-economique-et-social-on-ne-doit-pas-sattendre-a-etre-tous-embauches-dans-la-fonction-publique-le-directeur-general-bruno-compaore\/\">Fonds burkinab\u00e8 de d\u00e9veloppement \u00e9conomique et social\u00a0: \u00ab\u00a0On ne doit pas s\u2019attendre \u00e0 \u00eatre tous embauch\u00e9s dans la fonction publique \u00bb, le directeur g\u00e9n\u00e9ral Bruno Compaor\u00e9<\/a> est apparu en premier sur <a rel=\"nofollow\" href=\"https:\/\/www.sidwaya.info\/\">Quotidien Sidwaya<\/a>.<\/p>\n<\/div>\n<p>Auteur: Wamini SIDWAYA<br \/>\n<a href=\"https:\/\/www.sidwaya.info\/blog\/2021\/07\/27\/fonds-burkinabe-de-developpement-economique-et-social-on-ne-doit-pas-sattendre-a-etre-tous-embauches-dans-la-fonction-publique-le-directeur-general-bruno-compaore\/\">Cliquez ici pour lire l&rsquo;article depuis sa source.<\/a><\/p>\n","protected":false},"excerpt":{"rendered":"<p>La direction g\u00e9n\u00e9rale du Fonds burkinab\u00e9 de d\u00e9veloppement \u00e9conomique et social (FBDES), en collaboration avec l\u2019Institut de recherche sur les syst\u00e8mes de l\u2019entrepreneuriat (RISE), a lanc\u00e9 le samedi 24 juillet 2021 \u00e0 Koudougou, la campagne de la communication sur le th\u00e8me: \u00ab\u00a0Les innovations technologiques et scientifiques, quelles contributions du FBDES dans le processus de lutte [&hellip;]<\/p>\n","protected":false},"author":1816,"featured_media":0,"comment_status":"closed","ping_status":"closed","sticky":false,"template":"","format":"standard","meta":{"fifu_image_url":"https:\/\/www.sidwaya.info\/wp-content\/uploads\/2021\/07\/photo-4.jpg","fifu_image_alt":"Fonds burkinab\u00e8 de d\u00e9veloppement \u00e9conomique et social\u00a0: \u00ab\u00a0On ne doit pas s\u2019attendre \u00e0 \u00eatre tous embauch\u00e9s dans la fonction publique \u00bb, le directeur g\u00e9n\u00e9ral Bruno Compaor\u00e9","footnotes":""},"categories":[73,81],"tags":[],"class_list":["post-122560","post","type-post","status-publish","format-standard","hentry","category-actualite","category-burkina-faso"],"_links":{"self":[{"href":"https:\/\/linitiative.ca\/International\/wp-json\/wp\/v2\/posts\/122560","targetHints":{"allow":["GET"]}}],"collection":[{"href":"https:\/\/linitiative.ca\/International\/wp-json\/wp\/v2\/posts"}],"about":[{"href":"https:\/\/linitiative.ca\/International\/wp-json\/wp\/v2\/types\/post"}],"author":[{"embeddable":true,"href":"https:\/\/linitiative.ca\/International\/wp-json\/wp\/v2\/users\/1816"}],"replies":[{"embeddable":true,"href":"https:\/\/linitiative.ca\/International\/wp-json\/wp\/v2\/comments?post=122560"}],"version-history":[{"count":0,"href":"https:\/\/linitiative.ca\/International\/wp-json\/wp\/v2\/posts\/122560\/revisions"}],"wp:attachment":[{"href":"https:\/\/linitiative.ca\/International\/wp-json\/wp\/v2\/media?parent=122560"}],"wp:term":[{"taxonomy":"category","embeddable":true,"href":"https:\/\/linitiative.ca\/International\/wp-json\/wp\/v2\/categories?post=122560"},{"taxonomy":"post_tag","embeddable":true,"href":"https:\/\/linitiative.ca\/International\/wp-json\/wp\/v2\/tags?post=122560"}],"curies":[{"name":"wp","href":"https:\/\/api.w.org\/{rel}","templated":true}]}}