{"id":122562,"date":"2021-07-27T10:00:24","date_gmt":"2021-07-27T14:00:24","guid":{"rendered":"https:\/\/linitiative.ca\/International\/kapieletien-soro-ambassadeur-de-cote-divoire-au-burkina-faso-il-faut-que-le-tac-devienne-le-quotidien-de-chaque-ivoirien-et-burkinabe\/"},"modified":"2021-07-27T10:00:24","modified_gmt":"2021-07-27T14:00:24","slug":"kapieletien-soro-ambassadeur-de-cote-divoire-au-burkina-faso-il-faut-que-le-tac-devienne-le-quotidien-de-chaque-ivoirien-et-burkinabe","status":"publish","type":"post","link":"https:\/\/linitiative.ca\/International\/kapieletien-soro-ambassadeur-de-cote-divoire-au-burkina-faso-il-faut-que-le-tac-devienne-le-quotidien-de-chaque-ivoirien-et-burkinabe\/","title":{"rendered":"Kapieletien Soro, ambassadeur de C\u00f4te d\u2019Ivoire au Burkina Faso  : \u00abIl faut que le TAC devienne le quotidien de chaque Ivoirien et Burkinab\u00e8\u00bb."},"content":{"rendered":"<div>\n<p><strong>L\u2019ambassadeur de la R\u00e9publique de C\u00f4te d\u2019Ivoire pr\u00e8s le Burkina Faso et la R\u00e9publique du Niger Kapieletien Soro, a accord\u00e9 une interview au quotidien Sidwaya, dans le cadre du des travaux du Trait\u00e9 d\u2019amiti\u00e9 et de coop\u00e9ration (TAC). Il salue le bilan satisfaisant des treize ann\u00e9es de partenariat et se prononce sur les d\u00e9fis s\u00e9curitaires et sanitaires auxquelles, sont confront\u00e9es les deux Nations. <\/strong><\/p>\n<p><strong><em>Sidwaya (S)\u00a0: La communaut\u00e9 ivoirienne est forte de combien de membres au Burkina Faso\u00a0?<\/em><\/strong><\/p>\n<p><strong>Kapieletien Soro (KS)\u00a0: <\/strong>Nous avons beaucoup de nos compatriotes qui vivent effectivement au Burkina faso. La difficult\u00e9, c\u2019est que la proximit\u00e9 des deux pays fait que parfois certains compatriotes viennent, s\u00e9journent et repartent parfois sans se signaler \u00e0 l\u2019ambassade.<\/p>\n<p>C\u2019est une difficult\u00e9 quand il s\u2019agit de donner le nombre d\u2019Ivoiriens vivant au Burkina Faso. Toutefois, si je peux m\u2019en tenir \u00e0 l\u2019aspect officiel et consulaire. Nous avons entre 3\u00a0500 et 4000 qui sont immatricul\u00e9s \u00e0 l\u2019ambassade, dont nous avons les donn\u00e9es de r\u00e9f\u00e9rence. Mais pour \u00eatre proche d\u2019une certaine r\u00e9alit\u00e9, il faut multiplier le chiffre par deux, auquel cas on serait autour de 10\u00a0000 Ivoiriens.<\/p>\n<p><strong><em>(S)\u00a0: Quels sont leurs zones de concentration et les domaines d\u2019activit\u00e9s dans lesquels ils \u00e9voluent\u00a0?<\/em><\/strong><\/p>\n<p><strong>(KS)<em>\u00a0:<\/em><\/strong> C\u2019est vrai que nous sommes arriv\u00e9s ici en poste au lendemain de la crise post-\u00e9lectorale. Certains \u00e9taient ici \u00e0 l\u2019\u00e9poque parce qu\u2019ils avaient fui la crise en C\u00f4te d\u2019Ivoire. Pour eux, c\u2019\u00e9tait une forme d\u2019aventure pas forc\u00e9ment agr\u00e9able. Ils \u00e9taient venus un peu malgr\u00e9 eux, d\u2019autres par contre sont venus volontairement pour chercher leur bonheur sur la terre des Hommes int\u00e8gres. Pour la plupart, ils sont dans les petits m\u00e9tiers, (menuisiers, m\u00e9caniciens,) ou dans la gestion de maquis ou restaurant de quartier.<\/p>\n<p>Il y a une deuxi\u00e8me cat\u00e9gorie d\u2019Ivoiriens qui ont cr\u00e9\u00e9 leurs petites et moyennes entreprises ou petites et moyennes industries ici et qui arrivent\u00a0 \u00e0 se suffirent \u00e0 eux-m\u00eames parce que bon, ils ont trouv\u00e9 leur fortune ici. Une troisi\u00e8me cat\u00e9gorie, c\u2019est la cat\u00e9gorie des hauts cadres soit du priv\u00e9 soit du public international. Alors, ceux du priv\u00e9, ils sont des hauts cadres de banque, pour certains ils sont des directeurs g\u00e9n\u00e9raux, certains sont directeurs financiers, directeurs des ressources humaines. Il y en a qui sont dans les organisations internationales telle l\u2019UEMOA, la CILSS, ou l\u2019AVB et d\u2019autres organisations internationales, le CIRDES \u00e0 Bobo-Dioulasso, l\u2019OMS\u2026 Tous vivent en bonne intelligence avec leurs h\u00f4tes burkinab\u00e8.<\/p>\n<p><strong><em>(S)\u00a0: Quelle est la r\u00e9partition g\u00e9ographique des Ivoiriens vivant au Burkina Faso\u00a0? <\/em><\/strong><\/p>\n<p><strong>(KS)\u00a0:<\/strong> Ceux qui sont connus par l\u2019ambassade sont la plupart dans des grandes villes. Il peut y en avoir dans les campagnes et les provinces recul\u00e9es. Mais je signale en passant que le grand Nord \u00e9tant victime des attaques terroristes, vous savez que les populations refluent vers le Centre et le Sud, alors la plus grande majorit\u00e9 de nos compatriotes vivent \u00e0 Ouagadougou et \u00e0 Bobo-Dioulasso. Bien s\u00fbr y a les villes interm\u00e9diaires comme Koudougou, Banfora, Gaoua.<\/p>\n<p><strong>(S)\u00a0: La R\u00e9publique de C\u00f4te d\u2019Ivoire accueille depuis belle lurette une forte communaut\u00e9 burkinab\u00e8, qu\u2019est-ce qui est fait pour am\u00e9liorer leur int\u00e9gration et r\u00e9duire les crises qui caract\u00e9risent parfois la cohabitation avec les populations h\u00f4tes ?<\/strong><\/p>\n<p>La forte communaut\u00e9 burkinab\u00e8 qui vit en C\u00f4te d\u2019Ivoire se sent bien chez elle. L\u2019une de mes difficult\u00e9s ici, c\u2019est de savoir quelquefois qui est Burkinab\u00e8, qui est Ivoirien et qui ne l\u2019est pas. Parce qu\u2019il y en a qui se sentent aussi bien au Burkina Faso \u00e0 Ouagadougou, Bobo-Dioulasso, Koudougou qu\u2019ils se sentiraient \u00e0 Bouak\u00e9, \u00e0 Daloa, \u00e0 Abidjan ou bien \u00e0 Abengourou. Il y a donc une interp\u00e9n\u00e9tration des populations qui est tr\u00e8s historique, et qui continue parce que nos deux dirigeants actuels sont des pr\u00e9sidents tr\u00e8s sages ayant de tr\u00e8s bonnes relations entre eux. Certes, il y a eu des crises. Mais cela est le sort de toute soci\u00e9t\u00e9 humaine. Il y a des hauts et des bas. Mais cela n\u2019emp\u00eache pas que les hommes vivent ensemble et continuent de travailler, de se d\u00e9velopper ensemble. Nous sommes heureux de leur pr\u00e9sence en C\u00f4te d\u2019Ivoire. Nous les encourageons \u00e0 rester aussi dynamiques qu\u2019on les conna\u00eet, et\u00a0 \u00e0 entretenir toujours la bonne entente avec leurs h\u00f4tes ivoiriens. Le bon tuteur, c\u2019est aussi le bon \u00e9tranger qui le fait et il est donc bon que chacun ait sa part de responsabilit\u00e9. Le politique a ses limites. Un Burkinab\u00e8 en C\u00f4te d\u2019Ivoire est chez lui et un Ivoirien au Burkina Faso est aussi chez lui. Je rappelle d\u2019ailleurs que les protocoles de la CEDEAO avaient d\u00e9j\u00e0 trac\u00e9 tout ce que nous venons de dire. C\u2019est-\u00e0-dire qu\u2019un Burkinab\u00e8 a le droit d\u2019aller s\u2019installer en C\u00f4te d\u2019Ivoire, au Togo, au S\u00e9n\u00e9gal, en Gambie ou au Nigeria et faire ses affaires de fa\u00e7on normale et sans soucis, c\u2019est un droit pour lui. De la m\u00eame fa\u00e7on, un Ivoirien au Burkina Faso ne doit pas souffrir de tracasseries, de sectarisme ou de quelque sorte d\u2019ostracisme parce que les protocoles que les Etats ont sign\u00e9s, autorisent chaque citoyen \u00e0 pouvoir circuler librement, \u00e0 vaquer librement \u00e0 ses affaires et \u00e0 s\u2019\u00e9tablir l\u00e0 o\u00f9 il juge bon pour lui-m\u00eame pourvu qu\u2019il respecte les lois du terroir. Mais j\u2019ai l\u2019impression que souvent il y en a qui soit ignorent cela ou semblent vouloir ne pas les appliquer. Pour ma part, la C\u00f4te d\u2019Ivoire applique ses protocoles, et nous sommes ouverts \u00e0 non seulement aux Burkinab\u00e8 mais \u00e0 tous les autres citoyens de la CEDEAO. Il faut que les g\u00e9n\u00e9rations qui viennent les gens apprennent \u00e0 s\u2019accepter, au march\u00e9, dans les entreprises, dans les soci\u00e9t\u00e9s, pour que chacun comprenne que l\u2019autre est un fr\u00e8re. Ce n\u2019est pas quelqu\u2019un qui vient pour arracher mon emploi mais il vient pour participer au d\u00e9veloppement du pays o\u00f9 il est et c\u2019est cela l\u2019int\u00e9gration. Nous devons donc lancer cet appel pour que vraiment chacun accepte d\u2019aller dans le sens de l\u2019int\u00e9gration, de l\u2019acceptation de l\u2019autre et que nous vivions en bonne entente.<\/p>\n<p>\u00a0<\/p>\n<p><strong>(S)\u00a0:<\/strong> <strong>Le Burkina Faso et la R\u00e9publique de C\u00f4te d\u2019Ivoire ont sign\u00e9 le 29 juillet 2008 \u00e0 Ouagadougou un trait\u00e9 d\u2019amiti\u00e9 et de coop\u00e9ration. Quel bilan faites-vous des 13 ans de mise en \u0153uvre de ce partenariat\u00a0?<\/strong><\/p>\n<p><strong>(KS):<\/strong> Le trait\u00e9 d\u2019amiti\u00e9 et de coop\u00e9ration entre la C\u00f4te d\u2019Ivoire et le Burkina Faso est un cadre sp\u00e9cial, particulier et privil\u00e9gi\u00e9 parce que dans la diplomatie ivoirienne et tout autant que la diplomatie burkinab\u00e8, il n\u2019y a pas un pays avec lequel on a cette mani\u00e8re de g\u00e9rer les relations bilat\u00e9rales. C\u2019est un format tr\u00e8s \u00e9largi qui, p\u00e9riodiquement, implique ou fait appel aux deux chefs d\u2019Etats, aux deux Premiers ministres, aux deux gouvernements et \u00e0 toute la gamme des experts qui entourent nos responsables. Il se fait que la p\u00e9riodicit\u00e9 \u00e9galement rend ce cadre-l\u00e0 tout \u00e0 fait sp\u00e9cial. En g\u00e9n\u00e9ral, dans la pratique diplomatique, les Etats tiennent ce qu\u2019on appelle les commissions mixtes de coop\u00e9ration bilat\u00e9rale et pour la plupart c\u2019est tous les deux ans. Dans notre cas avec le Burkina Faso, le trait\u00e9 d\u2019amiti\u00e9 et de coop\u00e9ration se tient tous les ans et cela a \u00e9t\u00e9 ainsi depuis son institution en 2008, quoique maintenant on a r\u00e9vis\u00e9, nous allons passer \u00e0 un rythme biannuaire. Il faut donc relev\u00e9 que la fr\u00e9quence des instances des assises du TAC permet de discuter de tous les sujets d\u2019int\u00e9r\u00eat commun aux deux Etats. Cela facilite la\u00a0relation d\u2019autant qu\u2019au quotidien, on peut r\u00e9gler les probl\u00e8mes qui n\u2019attendent pas de s\u2019aggraver. Le trait\u00e9 d\u2019amiti\u00e9 et de coop\u00e9ration se porte bien, \u00e9volue bien et donne satisfaction. Bien s\u00fbr il y a des recommandations ou des d\u00e9cisions qui ont besoin d\u2019\u00eatre suivies de pr\u00e8s, qui ont \u00e9t\u00e9 victimes des al\u00e9as des conjectures internationales notamment la survenue de la maladie \u00e0 coronavirus.<\/p>\n<p>N\u00e9anmoins, le cadre du TAC permet de r\u00e9soudre et d\u2019am\u00e9liorer, d\u2019exprimer la proximit\u00e9 particuli\u00e8re de la C\u00f4te d\u2019Ivoire et du Burkina Faso.<\/p>\n<p><strong><em>(S)\u00a0: A vous \u00e9couter, on peut dire que le bilan est satisfaisant\u00a0?<\/em><\/strong><\/p>\n<p><strong>(KS)\u00a0:<\/strong> On peut dire sans h\u00e9siter que le bilan est satisfaisant parce que si vous prenez des secteurs comme les infrastructures, beaucoup a \u00e9t\u00e9 fait et il y a eu des avanc\u00e9es notables, pour l\u2019autoroute qui doit partir de Yamoussokro jusqu\u2019\u00e0 Ouagadougou. Les \u00e9tudes sont termin\u00e9es sur la plus grande partie et du c\u00f4t\u00e9 ivoirien des tron\u00e7ons sont d\u00e9j\u00e0 quasiment achev\u00e9s. Pour certains, les financements sont d\u00e9j\u00e0 acquis, et donc de ce c\u00f4t\u00e9-l\u00e0, il y a un\u00a0r\u00e9sultat concret. Si vous prenez le commerce, la fluidit\u00e9 du commerce ne semble pas aller de soi parce qu\u2019au lendemain de la crise en C\u00f4te d\u2019Ivoire, il y avait beaucoup de tracasseries routi\u00e8res, de barrages, de raquettes. Il a fallu une volont\u00e9 politique suivie et d\u00e9termin\u00e9e et cela a r\u00e9ussi \u00e0 lever cet obstacle au commerce. Aujourd\u2019hui, on peut partir d\u2019Abidjan jusqu\u2019\u00e0 Ouagadougou sans trop de craintes. N\u2019eut \u00e9t\u00e9 la survenue la pand\u00e9mie \u00e0 corona virus, les commer\u00e7ants, les transporteurs et tous les voyageurs, les passagers, qui traversent la fronti\u00e8re pour une raison ou une autre, auraient \u00e9t\u00e9 tout heureux de cette fluidit\u00e9-l\u00e0 qui est quelque part un r\u00e9sultat de consultation du TAC.\u00a0 Il y a les \u00e9changes sur le plan scientifique, culturel, \u00e9ducationnel, au niveau politique, pour se concerter sur les positions au plan international, les positions \u00e0 harmoniser entre les deux Etats dans l\u2019int\u00e9r\u00eat bien compris des deux parties. Il y a enfin le grand chapitre de la d\u00e9fense et de la s\u00e9curit\u00e9.<\/p>\n<p>Chaque fois qu\u2019il y a eu un probl\u00e8me, une attaque ici au Burkina Faso, je vous dis chaque fois, la C\u00f4te d\u2019Ivoire a \u00e9mis un message de compassion, syst\u00e9matiquement et nous sommes toujours touch\u00e9s quand nous voyons que le Burkina souffre tant. La C\u00f4te d\u2019Ivoire m\u00eame n\u2019a pas \u00e9t\u00e9 \u00e9pargn\u00e9e. Je sais que les deux chefs d\u2019Etats sont vraiment main dans la main pour combattre et mettre fin \u00e0 ces m\u00e9chants d\u2019une autre cat\u00e9gorie, des terroristes sans foi ni loi.<\/p>\n<p>Le bilan est donc positif. Il faut continuer \u00e0 \u00e9largir, approfondir et que le TAC devienne le quotidien\u00a0de chacun des citoyens ivoirien et burkinab\u00e8. C\u2019est une occasion privil\u00e9gi\u00e9e pour renforcer notre fraternit\u00e9, notre amiti\u00e9, notre bon voisinage. Quand on se conna\u00eet mieux, les pr\u00e9jug\u00e9s tombent d\u2019eux-m\u00eames. C\u2019est cela le vrai privil\u00e8ge et le grand b\u00e9n\u00e9fice du TAC.<\/p>\n<p>\u00a0<\/p>\n<p><strong>Quels seront les sujets prioritaires qui seront abord\u00e9s cette ann\u00e9e\u00a0?<\/strong><\/p>\n<p><strong>(KS)\u00a0:<\/strong> Ces sujets-l\u00e0 sont connus j\u2019allais dire en tout cas des observateurs avis\u00e9s, c\u2019est en priorit\u00e9 la s\u00e9curit\u00e9 pour le Burkina Faso, la C\u00f4te d\u2019Ivoire et pour la sous-r\u00e9gion. Parce que c\u2019est vrai que nous parlons d\u2019une r\u00e9union bilat\u00e9rale mais n\u2019oublions pas que les autres pays voisins du Burkina et de la C\u00f4te d\u2019Ivoire sont int\u00e9ress\u00e9s par les sujets dont nous allons parler en ce qui concerne la s\u00e9curit\u00e9, la libre-circulation des personnes et des biens, la r\u00e9ouverture ou non des fronti\u00e8res. On est oblig\u00e9 de contr\u00f4ler les mouvements de populations pour arriver \u00e0 juguler les effets du corona virus d\u2019une part et \u00e0 contr\u00f4ler aussi les mouvements des personnes de sorte que les risques s\u00e9curitaires soient amoindris autant que possible. De ce point de vue-l\u00e0, le TAC travaillera pour que nous ayons de meilleurs r\u00e9sultats.<\/p>\n<p><strong>(S)Justement la COVID-19 a fortement fragilis\u00e9 \u00e9conomiquement les populations des deux pays, la r\u00e9ouverture des fronti\u00e8res est-elle envisageable dans des courts d\u00e9lais\u00a0?<\/strong><\/p>\n<p><strong>(KS)\u00a0: <\/strong>La r\u00e9ouverture des fronti\u00e8res est en \u00e9tude. Ce n\u2019est pas un dossier qui a \u00e9t\u00e9 class\u00e9, abandonn\u00e9. Mais la r\u00e9alit\u00e9 est que la maladie est toujours l\u00e0. Les risques sont toujours pr\u00e9sents et malheureusement toutes les populations n\u2019ont pas conscience ou ne prennent pas la menace au s\u00e9rieux. \u00a0Beaucoup de gens ne respectent pas les gestes barri\u00e8res, ne portent pas le cache-nez, qui trouvent que l\u2019interdiction ou la r\u00e9duction du nombre de personnes au rassemblement est incompr\u00e9hensible ou bien trouvent que c\u2019est du harc\u00e8lement. Dieu merci, nous ne l\u2019avons pas connu au Burkina et en C\u00f4te d\u2019Ivoire.\u00a0 Il n y a m\u00eame pas eu un confinement strict en tant que tel. Mais tout cela mis ensemble, certaines personnes ne comprennent pas que jusqu\u2019\u00e0 pr\u00e9sent, qu\u2019il y a des efforts qu\u2019on fait pour juguler cette maladie excessivement dangereuse. Alors, la r\u00e9ouverture oui, mais il faut que chacun prenne conscience que c\u2019est une lutte commune et qu\u2019il faut des efforts communs pour accompagner nos d\u00e9cideurs.<\/p>\n<p><strong>(S)\u00a0: Des groupes arm\u00e9s terroristes tenteraient de s\u2019installer au niveau des fronti\u00e8res des deux pays. La coop\u00e9ration s\u00e9curitaire entre les deux pays va-t-elle aller crescendo afin de r\u00e9tablir la stabilit\u00e9\u00a0?<\/strong><\/p>\n<p><strong>(KS): <\/strong>Cela va de soi. La coop\u00e9ration va se renforcer toujours plus et davantage. Parce que y a eu beaucoup de r\u00e9unions entre les autorit\u00e9s comp\u00e9tentes en la mati\u00e8re et il y en aura encore autant que nos populations auront besoin d\u2019\u00eatre prot\u00e9g\u00e9es contre ces menaces inconnues. C\u2019est toujours bon chaque fois que des autorit\u00e9s se rencontrent, que cela soit mis \u00e0 jour, et que de nouveaux efforts soient toujours fournis l\u00e0 o\u00f9 il en faut. La s\u00e9curit\u00e9, c\u2019est l\u2019affaire de tout le monde parce que pour paraphraser quelqu\u2019un, la s\u00e9curit\u00e9 est trop s\u00e9rieuse pour qu\u2019on la laisse seulement \u00e0 la charge des agents de la s\u00e9curit\u00e9. Quand dans un voisinage, on voit une personne inconnue, d\u2019un certain comportement, il ne faut h\u00e9siter \u00e0 informer qui de droit. Peut-\u00eatre le chef de quartier, le chef du village, \u00e7a peut \u00eatre le commissariat de police le plus proche pour que la s\u00e9curit\u00e9 entre dans nos comportements et que ainsi nous puissions vivre en bonne intelligence avec les bons \u00e9trangers et mettre fin aux comportements de ceux qui veulent troubler la tranquillit\u00e9 publique.<\/p>\n<p>\u00a0<\/p>\n<p><strong>(S)\u00a0: Quel est votre dernier message\u00a0?<\/strong><\/p>\n<p><strong>(KS\u00a0)\u00a0:<\/strong> Le TAC se tient dans l\u2019int\u00e9r\u00eat des peuples de C\u00f4te d\u2019Ivoire et du Burkina Faso. A ce titre, c\u2019est pour nos populations les gouvernements, les Premiers ministres, les Chefs d\u2019Etats travaillent. Le Traite d\u2019amiti\u00e9 et de coop\u00e9ration doit \u00eatre soutenu par tous les ivoiriens et par tous les Burkinab\u00e8. Nous souhaitons que chacun s\u2019y reconnaisse. Il ne faut pas consid\u00e9rer que c\u2019est une affaire entre les politiciens encore moins entre les chefs d\u2019Etats. Il faut consid\u00e9rer que les gouvernements se rencontrent pour d\u00e9battre de sujets qui int\u00e9ressent le plus \u00e9loign\u00e9 de nos concitoyens dans le hameau ou le village le plus recul\u00e9. Si vous avez quelqu\u2019un qui peut circuler librement de M\u00e9agui jusqu\u2019\u00e0 Fada N\u2019Gourma parce\u00a0qu\u2019il vient voir de la famille et retourner dans sa plantation \u00e0 M\u00e9agui, c\u2019est aussi pour cela que le TAC se tient. Si un Burkinab\u00e8 peut quitter Aboisso pour venir voir tranquillement la famille \u00e0 Koudougou, sans tracasseries sur la route c\u2019est pour cela que le TAC se tient.<\/p>\n<p>Certains obtiennent leurs dipl\u00f4mes en C\u00f4te d\u2019Ivoire, ils sont ins\u00e9r\u00e9s au Burkina Faso sans soucis parce qu\u2019au TAC, les d\u00e9cideurs du domaine de la formation-\u00e9ducation ont \u00e9chang\u00e9 ou ont harmonis\u00e9 les aspects juridiques et autres qui doivent l\u2019\u00eatre. Que chacun int\u00e8gre cela dans sa compr\u00e9hension de nos relations bilat\u00e9rales. Pour ce qui est du c\u00f4t\u00e9 s\u00e9curitaire, on n\u2019a m\u00eame pas besoin de le mentionner parce que nos deux dirigeants et responsables des arm\u00e9es se rencontrent, les Premiers ministres se parlent. Nous voulons encourager et f\u00e9liciter nos deux chefs d\u2019Etats qui sont formidables. Cette approche bilat\u00e9rale de relations de fraternit\u00e9 est importante.<\/p>\n<p><strong>Entretien r\u00e9alis\u00e9 par Tilado Apollinaire ABGA<\/strong><\/p>\n<p>L\u2019article <a rel=\"nofollow\" href=\"https:\/\/www.sidwaya.info\/blog\/2021\/07\/27\/kapieletien-soro-ambassadeur-de-cote-divoire-au-burkina-faso-il-faut-que-le-tac-devienne-le-quotidien-de-chaque-ivoirien-et-burkinabe\/\">Kapieletien Soro, ambassadeur de C\u00f4te d\u2019Ivoire au Burkina Faso  : \u00abIl faut que le TAC devienne le quotidien de chaque Ivoirien et Burkinab\u00e8\u00bb.<\/a> est apparu en premier sur <a rel=\"nofollow\" href=\"https:\/\/www.sidwaya.info\/\">Quotidien Sidwaya<\/a>.<\/p>\n<\/div>\n<p>Auteur: Wamini SIDWAYA<br \/>\n<a href=\"https:\/\/www.sidwaya.info\/blog\/2021\/07\/27\/kapieletien-soro-ambassadeur-de-cote-divoire-au-burkina-faso-il-faut-que-le-tac-devienne-le-quotidien-de-chaque-ivoirien-et-burkinabe\/\">Cliquez ici pour lire l&rsquo;article depuis sa source.<\/a><\/p>\n","protected":false},"excerpt":{"rendered":"<p>L\u2019ambassadeur de la R\u00e9publique de C\u00f4te d\u2019Ivoire pr\u00e8s le Burkina Faso et la R\u00e9publique du Niger Kapieletien Soro, a accord\u00e9 une interview au quotidien Sidwaya, dans le cadre du des travaux du Trait\u00e9 d\u2019amiti\u00e9 et de coop\u00e9ration (TAC). Il salue le bilan satisfaisant des treize ann\u00e9es de partenariat et se prononce sur les d\u00e9fis s\u00e9curitaires [&hellip;]<\/p>\n","protected":false},"author":1816,"featured_media":0,"comment_status":"closed","ping_status":"closed","sticky":false,"template":"","format":"standard","meta":{"fifu_image_url":"","fifu_image_alt":"","footnotes":""},"categories":[73,81],"tags":[],"class_list":["post-122562","post","type-post","status-publish","format-standard","hentry","category-actualite","category-burkina-faso"],"_links":{"self":[{"href":"https:\/\/linitiative.ca\/International\/wp-json\/wp\/v2\/posts\/122562","targetHints":{"allow":["GET"]}}],"collection":[{"href":"https:\/\/linitiative.ca\/International\/wp-json\/wp\/v2\/posts"}],"about":[{"href":"https:\/\/linitiative.ca\/International\/wp-json\/wp\/v2\/types\/post"}],"author":[{"embeddable":true,"href":"https:\/\/linitiative.ca\/International\/wp-json\/wp\/v2\/users\/1816"}],"replies":[{"embeddable":true,"href":"https:\/\/linitiative.ca\/International\/wp-json\/wp\/v2\/comments?post=122562"}],"version-history":[{"count":0,"href":"https:\/\/linitiative.ca\/International\/wp-json\/wp\/v2\/posts\/122562\/revisions"}],"wp:attachment":[{"href":"https:\/\/linitiative.ca\/International\/wp-json\/wp\/v2\/media?parent=122562"}],"wp:term":[{"taxonomy":"category","embeddable":true,"href":"https:\/\/linitiative.ca\/International\/wp-json\/wp\/v2\/categories?post=122562"},{"taxonomy":"post_tag","embeddable":true,"href":"https:\/\/linitiative.ca\/International\/wp-json\/wp\/v2\/tags?post=122562"}],"curies":[{"name":"wp","href":"https:\/\/api.w.org\/{rel}","templated":true}]}}