{"id":122564,"date":"2021-07-27T14:18:02","date_gmt":"2021-07-27T18:18:02","guid":{"rendered":"https:\/\/linitiative.ca\/International\/ouattara-content-de-voir-gbagbo-lors-dune-rencontre-a-la-presidence\/"},"modified":"2021-07-27T14:18:02","modified_gmt":"2021-07-27T18:18:02","slug":"ouattara-content-de-voir-gbagbo-lors-dune-rencontre-a-la-presidence","status":"publish","type":"post","link":"https:\/\/linitiative.ca\/International\/ouattara-content-de-voir-gbagbo-lors-dune-rencontre-a-la-presidence\/","title":{"rendered":"Ouattara \u00ab\u00a0content\u00a0\u00bb de voir Gbagbo lors d\u2019une rencontre \u00e0 la pr\u00e9sidence"},"content":{"rendered":"<div>\n<p><img loading=\"lazy\" decoding=\"async\" width=\"800\" height=\"533\" src=\"https:\/\/linitiative.ca\/International\/wp-content\/uploads\/sites\/23\/2021\/07\/16274098829504.jpg\" class=\"attachment-post-thumbnail size-post-thumbnail wp-post-image\" alt=\"\" srcset=\"https:\/\/linitiative.ca\/International\/wp-content\/uploads\/sites\/23\/2021\/07\/16274098829504.jpg 800w, https:\/\/www.journalducameroun.com\/wp-content\/uploads\/2021\/07\/16274098829504-300x200.jpg 300w, https:\/\/www.journalducameroun.com\/wp-content\/uploads\/2021\/07\/16274098829504-768x512.jpg 768w, https:\/\/www.journalducameroun.com\/wp-content\/uploads\/2021\/07\/16274098829504-660x440.jpg 660w, https:\/\/www.journalducameroun.com\/wp-content\/uploads\/2021\/07\/16274098829504-600x400.jpg 600w\" sizes=\"auto, (max-width: 800px) 100vw, 800px\"><\/p>\n<p>Le chef de l&rsquo;Etat ivoirien, Alassane Ouattara, a d\u00e9clar\u00e9 mardi \u00eatre \u00ab\u00a0content\u00a0\u00bb de voir l&rsquo;ancien pr\u00e9sident Laurent Gbagbo, lors d&rsquo;une rencontre \u00e0 la pr\u00e9sidence de la R\u00e9publique, \u00e0 Abidjan-Plateau.<\/p>\n<p>\u00ab\u00a0Je suis content de te voir\u00a0\u00bb, a dit M. Alassane Ouattara, alors qu&rsquo;il donnait des accolades \u00e0 son h\u00f4te sur le perron du petit palais, \u00e0 la pr\u00e9sidence de la R\u00e9publique. Il a demand\u00e9 \u00e0 l&rsquo;ancien pr\u00e9sident d&rsquo;enlever son masque pour des prises de vues.<\/p>\n<p>Arriv\u00e9 \u00e0 17h21 (GMT, heure locale), dans une 4&#215;4 grise, souriant, M. Laurent Gbagbo, d\u00e9contract\u00e9, \u00a0\u00e9tait v\u00eatu d&rsquo;une chemise blanche et d&rsquo;un pantalon sombre. Les deux personnalit\u00e9s \u00e9taient visiblement heureuses de se revoir apr\u00e8s dix ans.\u00a0<\/p>\n<p>M. Gbagbo est accompagn\u00e9 de certains proches collaborateurs, notamment Narcisse Kouyo, venu dans son cort\u00e8ge. Peu avant son arriv\u00e9e, \u00e9taient pr\u00e9sents M. Hubert Oula\u00ef, Armand Ouegnin et Assoa Adou.<\/p>\n<p>L&rsquo;ancien pr\u00e9sident ivoirien Laurent Gbagbo, acquitt\u00e9 par la Cour p\u00e9nale internationale (CPI) le 31 mars 2021, est arriv\u00e9 \u00e0 Abidjan le 17 juin 2021. Cette rencontre avait \u00e9t\u00e9 annonc\u00e9e la semaine derni\u00e8re par le porte-parole du gouvernement, \u00e0 l&rsquo;issue d&rsquo;un Conseil des ministres.<\/p>\n<p>Cet article <a rel=\"nofollow\" href=\"https:\/\/www.journalducameroun.com\/ouattara-content-de-voir-gbagbo-lors-dune-rencontre-a-la-presidence\/\">Ouattara \u00ab\u00a0content\u00a0\u00bb de voir Gbagbo lors d\u2019une rencontre \u00e0 la pr\u00e9sidence<\/a> est apparu en premier sur <a rel=\"nofollow\" href=\"https:\/\/www.journalducameroun.com\/\">Journal du Cameroun<\/a>.<\/p>\n<\/div>\n<p>Auteur: APA News<br \/>\n<a href=\"https:\/\/www.journalducameroun.com\/ouattara-content-de-voir-gbagbo-lors-dune-rencontre-a-la-presidence\/\">Cliquez ici pour lire l&rsquo;article depuis sa source.<\/a><\/p>\n","protected":false},"excerpt":{"rendered":"<p>Le chef de l&rsquo;Etat ivoirien, Alassane Ouattara, a d\u00e9clar\u00e9 mardi \u00eatre \u00ab\u00a0content\u00a0\u00bb de voir l&rsquo;ancien pr\u00e9sident Laurent Gbagbo, lors d&rsquo;une rencontre \u00e0 la pr\u00e9sidence de la R\u00e9publique, \u00e0 Abidjan-Plateau. \u00ab\u00a0Je suis content de te voir\u00a0\u00bb, a dit M. Alassane Ouattara, alors qu&rsquo;il donnait des accolades \u00e0 son h\u00f4te sur le perron du petit palais, \u00e0 [&hellip;]<\/p>\n","protected":false},"author":1965,"featured_media":0,"comment_status":"closed","ping_status":"closed","sticky":false,"template":"","format":"standard","meta":{"fifu_image_url":"https:\/\/www.journalducameroun.com\/wp-content\/uploads\/2021\/07\/16274098829504.jpg","fifu_image_alt":"Ouattara \u00ab\u00a0content\u00a0\u00bb de voir Gbagbo lors d\u2019une rencontre \u00e0 la pr\u00e9sidence","footnotes":""},"categories":[73,82],"tags":[],"class_list":["post-122564","post","type-post","status-publish","format-standard","hentry","category-actualite","category-cameroun"],"_links":{"self":[{"href":"https:\/\/linitiative.ca\/International\/wp-json\/wp\/v2\/posts\/122564","targetHints":{"allow":["GET"]}}],"collection":[{"href":"https:\/\/linitiative.ca\/International\/wp-json\/wp\/v2\/posts"}],"about":[{"href":"https:\/\/linitiative.ca\/International\/wp-json\/wp\/v2\/types\/post"}],"author":[{"embeddable":true,"href":"https:\/\/linitiative.ca\/International\/wp-json\/wp\/v2\/users\/1965"}],"replies":[{"embeddable":true,"href":"https:\/\/linitiative.ca\/International\/wp-json\/wp\/v2\/comments?post=122564"}],"version-history":[{"count":0,"href":"https:\/\/linitiative.ca\/International\/wp-json\/wp\/v2\/posts\/122564\/revisions"}],"wp:attachment":[{"href":"https:\/\/linitiative.ca\/International\/wp-json\/wp\/v2\/media?parent=122564"}],"wp:term":[{"taxonomy":"category","embeddable":true,"href":"https:\/\/linitiative.ca\/International\/wp-json\/wp\/v2\/categories?post=122564"},{"taxonomy":"post_tag","embeddable":true,"href":"https:\/\/linitiative.ca\/International\/wp-json\/wp\/v2\/tags?post=122564"}],"curies":[{"name":"wp","href":"https:\/\/api.w.org\/{rel}","templated":true}]}}