{"id":122566,"date":"2021-07-27T14:19:44","date_gmt":"2021-07-27T18:19:44","guid":{"rendered":"https:\/\/linitiative.ca\/International\/cameroun-boko-haram-tue-un-civil-et-cinq-militaires-dans-la-localite-de-zigue\/"},"modified":"2021-07-27T14:19:44","modified_gmt":"2021-07-27T18:19:44","slug":"cameroun-boko-haram-tue-un-civil-et-cinq-militaires-dans-la-localite-de-zigue","status":"publish","type":"post","link":"https:\/\/linitiative.ca\/International\/cameroun-boko-haram-tue-un-civil-et-cinq-militaires-dans-la-localite-de-zigue\/","title":{"rendered":"Cameroun : Boko Haram tue un civil et cinq militaires dans la localit\u00e9 de Zigue"},"content":{"rendered":"<div>\n<p><img loading=\"lazy\" decoding=\"async\" width=\"1920\" height=\"1090\" src=\"https:\/\/linitiative.ca\/International\/wp-content\/uploads\/sites\/23\/2021\/07\/Boko-Haram.jpg\" class=\"attachment-post-thumbnail size-post-thumbnail wp-post-image\" alt=\"\" srcset=\"https:\/\/linitiative.ca\/International\/wp-content\/uploads\/sites\/23\/2021\/07\/Boko-Haram.jpg 1920w, https:\/\/www.journalducameroun.com\/wp-content\/uploads\/2019\/09\/Boko-Haram-300x170.jpg 300w, https:\/\/www.journalducameroun.com\/wp-content\/uploads\/2019\/09\/Boko-Haram-768x436.jpg 768w, https:\/\/www.journalducameroun.com\/wp-content\/uploads\/2019\/09\/Boko-Haram-1024x581.jpg 1024w, https:\/\/www.journalducameroun.com\/wp-content\/uploads\/2019\/09\/Boko-Haram-380x215.jpg 380w, https:\/\/www.journalducameroun.com\/wp-content\/uploads\/2019\/09\/Boko-Haram-160x90.jpg 160w, https:\/\/www.journalducameroun.com\/wp-content\/uploads\/2019\/09\/Boko-Haram-240x135.jpg 240w, https:\/\/www.journalducameroun.com\/wp-content\/uploads\/2019\/09\/Boko-Haram-775x440.jpg 775w, https:\/\/www.journalducameroun.com\/wp-content\/uploads\/2019\/09\/Boko-Haram-350x200.jpg 350w, https:\/\/www.journalducameroun.com\/wp-content\/uploads\/2019\/09\/Boko-Haram-600x341.jpg 600w\" sizes=\"auto, (max-width: 1920px) 100vw, 1920px\"><\/p>\n<h5>Dans la nuit du 26 juillet 2021, la secte islamiste a \u00e0 nouveau endeuill\u00e9 le pays \u00e0 travers l\u2019attaque du village Zigue, arrondissement de Waza, d\u00e9partement du Logone et-Charl, r\u00e9gion de I\u2018Extr\u00eame-Nord.<\/h5>\n<p>\u00a0<\/p>\n<p>Un mort dans la population civile, cinq militaires tu\u00e9s et trois bless\u00e9s. C\u2019est le bilan que dresse l\u2019arm\u00e9e camerounaise \u00e0 l\u2019issue de l\u2019attaque du poste de Commandement du Sous-Secteur N\u00b02 de la Force Multinationale Mixte (FMM) de la Commission du Bassin du Lac Tchad,\u00a0 situ\u00e9 dans la localit\u00e9 de Zigue \u00e0 l\u2019Extr\u00eame-Nord.<\/p>\n<p>Samedi 24 juillet 2021, Boko Haram avait \u00e9galement attaqu\u00e9 le poste avanc\u00e9 de l&rsquo;op\u00e9ration militaire Emergence 4 situ\u00e9 dans la localit\u00e9 de\u00a0Sagm\u00e9, arrondissement de Fotokol. Huit militaires y ont \u00e9t\u00e9 tu\u00e9s et 13 bless\u00e9s.<\/p>\n<p>Dans le communiqu\u00e9 de presse publi\u00e9 ce jour\u00a0 \u00e0 l\u2019issue de l\u2019attaque meurtri\u00e8re d\u2019hier \u00e0 Zigue, le minist\u00e8re camerounais de la D\u00e9fense, \u00e0 travers son charg\u00e9 de la communication\u00a0 constate un accroissement d\u2019incursions terroristes dans le territoire.\u00a0 Ci-dessous l\u2019int\u00e9gralit\u00e9 de son communiqu\u00e9.<\/p>\n<p>\u00a0<\/p>\n<p style=\"text-align: center;\"><strong>COMMUNIQUE RADIO-PRESSE<\/strong><\/p>\n<p style=\"text-align: center;\">\n<p style=\"text-align: center;\">Le Minist\u00e8re de la D\u00e9fense communique : dans la nuit du lundi 26 au mardi 27 juillet 2021, aux environs de 21h30min, une horde de terroristes lourdement arm\u00e9s de la secte Boko Haram et \u00e0 bord de plusieurs v\u00e9hicules tactiques l\u00e9gers, a attaqu\u00e9 le poste de Commandement du Sous-Secteur N\u00b02 de a Force Multinationale Mixte (FMM) de la Commission du Bassin du Lac Tchad situ\u00e9 dans la localit\u00e9 de Zigue, arrondissement de Waza, d\u00e9partement du Logone et-Charl, R\u00e9gion de I \u2018Extr\u00eame-Nord.<\/p>\n<p style=\"text-align: center;\">Apr\u00e8s de violents combats, les insurg\u00e9s ont manifestement repli\u00e9 en direction des localit\u00e9s de Koutala, Gazalful et Goulmade, Etat du Borno, dans le Nord-Est du Nigeria.<\/p>\n<p style=\"text-align: center;\">Le bilan provisoire de cette sombre exp\u00e9dition est le suivant :<\/p>\n<ul style=\"text-align: center;\">\n<li>Forces de D\u00e9fense. Camerounaises: 05 (cinq) militaires tu\u00e9s et 03 (trois) bless\u00e9s \u00e9vacu\u00e9s \u00e0 l&rsquo;Infirmerie militaire de Dabanga pour un suivi approprie<\/li>\n<li>Populations civiles: 01 (un) civil tu\u00e9 et 01 (un) bless\u00e9<\/li>\n<li>Boko Haram\u00a0: plusieurs assaillants neutralis\u00e9s et leurs corps emport\u00e9s pendant le repli des terroristes conform\u00e9ment \u00e0 leur habitude en pareilles circonstances.<\/li>\n<\/ul>\n<p style=\"text-align: center;\">Le Ministre D\u00e9l\u00e9gu\u00e9 \u00e0 la Pr\u00e9sidence charg\u00e9 de la D\u00e9fense transmet aux familles des militaires disparus, les profondes condol\u00e9ances du Chef de l&rsquo;Etat, Chef des Forces Arm\u00e9es, ainsi que ses v\u0153ux de prompt r\u00e9tablissement aux bless\u00e9s.<\/p>\n<p style=\"text-align: center;\">Les troupes restent en alerte maximale dans toute la R\u00e9gion de l\u2019extr\u00eame-Nord et au-del\u00e0 des fronti\u00e8res, afin de pr\u00e9venir de nouveaux assauts \u00e9ventuels de l&rsquo;hydre terroriste Boko Haram qui semble avoir repris du poil de la b\u00eate suite \u00e0 la restructuration interne de son id\u00e9ologie et de sa conqu\u00eate du terrain.<\/p>\n<p style=\"text-align: center;\">L&rsquo;Arm\u00e9e camerounaise ne restera pas les bras crois\u00e9s devant cette nouvelle donne. Elle r\u00e9agira de mani\u00e8re appropri\u00e9e pour y faire vigoureusement et efficacement face. &#8211;<\/p>\n<p style=\"text-align: center;\">Le Capitaine de Vaisseau<\/p>\n<p style=\"text-align: center;\"><strong>Atonfack Guemo Cyrille<\/strong><\/p>\n<p style=\"text-align: center;\">\n<p>\u00a0<\/p>\n<p>Cet article <a rel=\"nofollow\" href=\"https:\/\/www.journalducameroun.com\/cameroun-boko-haram-tue-un-civil-et-cinq-militaires-dans-la-localite-de-zigue-cameroun\/\">Cameroun : Boko Haram tue un civil et cinq militaires dans la localit\u00e9 de Zigue<\/a> est apparu en premier sur <a rel=\"nofollow\" href=\"https:\/\/www.journalducameroun.com\/\">Journal du Cameroun<\/a>.<\/p>\n<\/div>\n<p>Auteur: Christian DJIMADEU<br \/>\n<a href=\"https:\/\/www.journalducameroun.com\/cameroun-boko-haram-tue-un-civil-et-cinq-militaires-dans-la-localite-de-zigue-cameroun\/\">Cliquez ici pour lire l&rsquo;article depuis sa source.<\/a><\/p>\n","protected":false},"excerpt":{"rendered":"<p>Dans la nuit du 26 juillet 2021, la secte islamiste a \u00e0 nouveau endeuill\u00e9 le pays \u00e0 travers l\u2019attaque du village Zigue, arrondissement de Waza, d\u00e9partement du Logone et-Charl, r\u00e9gion de I\u2018Extr\u00eame-Nord. \u00a0 Un mort dans la population civile, cinq militaires tu\u00e9s et trois bless\u00e9s. C\u2019est le bilan que dresse l\u2019arm\u00e9e camerounaise \u00e0 l\u2019issue de [&hellip;]<\/p>\n","protected":false},"author":1965,"featured_media":0,"comment_status":"closed","ping_status":"closed","sticky":false,"template":"","format":"standard","meta":{"fifu_image_url":"https:\/\/www.journalducameroun.com\/wp-content\/uploads\/2019\/09\/Boko-Haram.jpg","fifu_image_alt":"Cameroun : Boko Haram tue un civil et cinq militaires dans la localit\u00e9 de Zigue","footnotes":""},"categories":[73,82],"tags":[],"class_list":["post-122566","post","type-post","status-publish","format-standard","hentry","category-actualite","category-cameroun"],"_links":{"self":[{"href":"https:\/\/linitiative.ca\/International\/wp-json\/wp\/v2\/posts\/122566","targetHints":{"allow":["GET"]}}],"collection":[{"href":"https:\/\/linitiative.ca\/International\/wp-json\/wp\/v2\/posts"}],"about":[{"href":"https:\/\/linitiative.ca\/International\/wp-json\/wp\/v2\/types\/post"}],"author":[{"embeddable":true,"href":"https:\/\/linitiative.ca\/International\/wp-json\/wp\/v2\/users\/1965"}],"replies":[{"embeddable":true,"href":"https:\/\/linitiative.ca\/International\/wp-json\/wp\/v2\/comments?post=122566"}],"version-history":[{"count":0,"href":"https:\/\/linitiative.ca\/International\/wp-json\/wp\/v2\/posts\/122566\/revisions"}],"wp:attachment":[{"href":"https:\/\/linitiative.ca\/International\/wp-json\/wp\/v2\/media?parent=122566"}],"wp:term":[{"taxonomy":"category","embeddable":true,"href":"https:\/\/linitiative.ca\/International\/wp-json\/wp\/v2\/categories?post=122566"},{"taxonomy":"post_tag","embeddable":true,"href":"https:\/\/linitiative.ca\/International\/wp-json\/wp\/v2\/tags?post=122566"}],"curies":[{"name":"wp","href":"https:\/\/api.w.org\/{rel}","templated":true}]}}