{"id":122572,"date":"2021-07-27T17:18:02","date_gmt":"2021-07-27T21:18:02","guid":{"rendered":"https:\/\/linitiative.ca\/International\/gbagbo-plaide-aupres-de-ouattara-pour-une-liberation-des-prisonniers\/"},"modified":"2021-07-27T17:18:02","modified_gmt":"2021-07-27T21:18:02","slug":"gbagbo-plaide-aupres-de-ouattara-pour-une-liberation-des-prisonniers","status":"publish","type":"post","link":"https:\/\/linitiative.ca\/International\/gbagbo-plaide-aupres-de-ouattara-pour-une-liberation-des-prisonniers\/","title":{"rendered":"Gbagbo plaide aupr\u00e8s de Ouattara pour une lib\u00e9ration des prisonniers"},"content":{"rendered":"<div>\n<p><img loading=\"lazy\" decoding=\"async\" width=\"800\" height=\"533\" src=\"https:\/\/linitiative.ca\/International\/wp-content\/uploads\/sites\/23\/2021\/07\/16274206829953.jpg\" class=\"attachment-post-thumbnail size-post-thumbnail wp-post-image\" alt=\"\" srcset=\"https:\/\/linitiative.ca\/International\/wp-content\/uploads\/sites\/23\/2021\/07\/16274206829953.jpg 800w, https:\/\/www.journalducameroun.com\/wp-content\/uploads\/2021\/07\/16274206829953-300x200.jpg 300w, https:\/\/www.journalducameroun.com\/wp-content\/uploads\/2021\/07\/16274206829953-768x512.jpg 768w, https:\/\/www.journalducameroun.com\/wp-content\/uploads\/2021\/07\/16274206829953-660x440.jpg 660w, https:\/\/www.journalducameroun.com\/wp-content\/uploads\/2021\/07\/16274206829953-600x400.jpg 600w\" sizes=\"auto, (max-width: 800px) 100vw, 800px\"><\/p>\n<p>L&rsquo;ancien pr\u00e9sident ivoirien Laurent Gbagbo a plaid\u00e9, mardi, pour une lib\u00e9ration des prisonniers de la crise postelectorale de 2010-2011, \u00e0 l&rsquo;issue d&rsquo;une rencontre avec Alassane Ouattara, \u00e0 la pr\u00e9sidence de la R\u00e9publique.<\/p>\n<p>\u00ab\u00a0En ce qui me concerne, j&rsquo;ai surtout insist\u00e9 sur les prisonniers qui ont \u00e9t\u00e9 arr\u00eat\u00e9s au moment de la crise de 2010-2011 et qui sont en prison. J&rsquo;ai dit au pr\u00e9sident j&rsquo;\u00e9tais leur chef de file et bon je suis dehors aujourd&rsquo;hui\u00a0\u00bb, a dit M. Laurent Gbagbo face aux cam\u00e9ras.<\/p>\n<p>\u00a0Il a souhait\u00e9 que \u00ab\u00a0le pr\u00e9sident fasse tout ce qu&rsquo;il peut pour les lib\u00e9rer et le pr\u00e9sident a les moyens\u00a0\u00bb, avant d&rsquo;ajouter \u00ab\u00a0c&rsquo;est lui qui juge l&rsquo;opportunit\u00e9 et des moyens, et des moments pour ces lib\u00e9rations\u00a0\u00bb.\u00a0<\/p>\n<p>\u00ab\u00a0Donc, j&rsquo;ai insist\u00e9 sur \u00e7a. A part \u00e7a, on a parl\u00e9 de la C\u00f4te d&rsquo;Ivoire qui doit aller de l&rsquo;avant, qui doit marcher, qui doit se parler, qui doit discuter\u00a0\u00bb, a ajout\u00e9 M. Gbagbo qui a jug\u00e9 cette rencontre \u00ab\u00a0fraternellement et amicalement\u00a0\u00bb.<\/p>\n<p>\u00a0\u00ab\u00a0Je suis tr\u00e8s heureux de cette discussion parce qu&rsquo;elle \u00e9tait tr\u00e8s d\u00e9tendue et je suis fier de \u00e7a. J&rsquo;ai souhait\u00e9 que de temps en temps on puisse avoir ce genre d&rsquo;entretiens qui d\u00e9tendent l&rsquo;atmosph\u00e8re dans le pays\u00a0\u00bb, a-t-il poursuivi.<\/p>\n<p>Prenant la parole, M. Alassane Ouattara a d\u00e9clar\u00e9 \u00ab\u00a0mon cher Laurent merci beaucoup. Merci d&rsquo;\u00eatre venu pour cette rencontre que tout le monde demandait d&rsquo;ailleurs. Mais les gens ne savent pas que nous nous sommes parl\u00e9\u00a0\u00bb.<\/p>\n<p>\u00ab\u00a0Je dois dire que j&rsquo;en suis ravi et je crois que c&rsquo;est surtout le peuple de C\u00f4te d&rsquo;Ivoire qui attendait cela avec beaucoup d&rsquo;impatience, maintenant c&rsquo;est chose faite. Et je voudrais que nous puissions nous f\u00e9liciter d&rsquo;avoir eu cette rencontre qui a \u00e9t\u00e9 cordiale et fraternelle\u00a0\u00bb, a dit M. Ouattara.<\/p>\n<p>Il a laiss\u00e9 entendre que \u00ab\u00a0bien s\u00fbr il y a eu cette crise qui a cr\u00e9\u00e9 des divergences, mais cela est derri\u00e8re nous. Ce qui importe c&rsquo;est la C\u00f4te d&rsquo;Ivoire. C&rsquo;est la paix pour notre pays. C&rsquo;est pour nous avancer, aller de l&rsquo;avant pour nous-m\u00eames et pour les prochaines g\u00e9n\u00e9rations\u00a0\u00bb.<\/p>\n<p>Il a r\u00e9it\u00e9r\u00e9 ses condol\u00e9ances pour le d\u00e9c\u00e8s de la m\u00e8re de M. Gbagbo et d&rsquo;Aboudrahamane Sangar\u00e9, son compagnon de lutte politique, tout en ajoutant \u00ab\u00a0nous avons parl\u00e9 de la paix pour notre pays, la n\u00e9cessit\u00e9 de renforcer la coh\u00e9sion nationale, de continuer de renforcer la r\u00e9conciliation\u00a0\u00bb.\u00a0<\/p>\n<p>\u00ab\u00a0Nous sommes convenus de nous revoir de temps en temps. Certainement apr\u00e8s le mois d&rsquo;ao\u00fbt pour continuer ces entretiens et associer le moment venu d&rsquo;autres personnes. Je crois que c&rsquo;est important que les uns et les autres puissent comprendre que nous avons d\u00e9cid\u00e9 que c&rsquo;est important de r\u00e9tablir la confiance et de faire en sorte que les ivoiriens se r\u00e9concilient\u00a0\u00bb, a soutenu le pr\u00e9sident ivoirien.<\/p>\n<p>\u00ab\u00a0Ces \u00e9v\u00e9nements ont \u00e9t\u00e9 douloureux. Il y a eu trop de morts et nous devons avoir cela derri\u00e8re nous et travaille sur l&rsquo;avenir, la coh\u00e9sion et la r\u00e9conciliation. Laurent je te remercie et je te dis \u00e0 tr\u00e8s bient\u00f4t\u00a0\u00bb, a-t-il dit.<\/p>\n<p>Cette rencontre est la premi\u00e8re dix ans apr\u00e8s la crise postelectorale ivoirienne. M. Gbagbo est arriv\u00e9 \u00e0 17h21 GMT, souriant, \u00e0 la pr\u00e9sidence de la R\u00e9publique, o\u00f9 il a \u00e9t\u00e9 accueilli par M. Ouattara sur le perron. \u00a0 Les deux personnalit\u00e9s ont eu pr\u00e8s d&rsquo;une heure d&rsquo;\u00e9changes.<\/p>\n<p>L&rsquo;ancien pr\u00e9sident ivoirien Laurent Gbagbo, acquitt\u00e9 par la Cour p\u00e9nale internationale (CPI) le 31 mars 2021, est arriv\u00e9 \u00e0 Abidjan le 17 juin 2021.<\/p>\n<p>Cet article <a rel=\"nofollow\" href=\"https:\/\/www.journalducameroun.com\/gbagbo-plaide-aupres-de-ouattara-pour-une-liberation-des-prisonniers\/\">Gbagbo plaide aupr\u00e8s de Ouattara pour une lib\u00e9ration des prisonniers<\/a> est apparu en premier sur <a rel=\"nofollow\" href=\"https:\/\/www.journalducameroun.com\/\">Journal du Cameroun<\/a>.<\/p>\n<\/div>\n<p>Auteur: APA News<br \/>\n<a href=\"https:\/\/www.journalducameroun.com\/gbagbo-plaide-aupres-de-ouattara-pour-une-liberation-des-prisonniers\/\">Cliquez ici pour lire l&rsquo;article depuis sa source.<\/a><\/p>\n","protected":false},"excerpt":{"rendered":"<p>L&rsquo;ancien pr\u00e9sident ivoirien Laurent Gbagbo a plaid\u00e9, mardi, pour une lib\u00e9ration des prisonniers de la crise postelectorale de 2010-2011, \u00e0 l&rsquo;issue d&rsquo;une rencontre avec Alassane Ouattara, \u00e0 la pr\u00e9sidence de la R\u00e9publique. \u00ab\u00a0En ce qui me concerne, j&rsquo;ai surtout insist\u00e9 sur les prisonniers qui ont \u00e9t\u00e9 arr\u00eat\u00e9s au moment de la crise de 2010-2011 et [&hellip;]<\/p>\n","protected":false},"author":1965,"featured_media":0,"comment_status":"closed","ping_status":"closed","sticky":false,"template":"","format":"standard","meta":{"fifu_image_url":"https:\/\/www.journalducameroun.com\/wp-content\/uploads\/2021\/07\/16274206829953.jpg","fifu_image_alt":"Gbagbo plaide aupr\u00e8s de Ouattara pour une lib\u00e9ration des prisonniers","footnotes":""},"categories":[73,82],"tags":[],"class_list":["post-122572","post","type-post","status-publish","format-standard","hentry","category-actualite","category-cameroun"],"_links":{"self":[{"href":"https:\/\/linitiative.ca\/International\/wp-json\/wp\/v2\/posts\/122572","targetHints":{"allow":["GET"]}}],"collection":[{"href":"https:\/\/linitiative.ca\/International\/wp-json\/wp\/v2\/posts"}],"about":[{"href":"https:\/\/linitiative.ca\/International\/wp-json\/wp\/v2\/types\/post"}],"author":[{"embeddable":true,"href":"https:\/\/linitiative.ca\/International\/wp-json\/wp\/v2\/users\/1965"}],"replies":[{"embeddable":true,"href":"https:\/\/linitiative.ca\/International\/wp-json\/wp\/v2\/comments?post=122572"}],"version-history":[{"count":0,"href":"https:\/\/linitiative.ca\/International\/wp-json\/wp\/v2\/posts\/122572\/revisions"}],"wp:attachment":[{"href":"https:\/\/linitiative.ca\/International\/wp-json\/wp\/v2\/media?parent=122572"}],"wp:term":[{"taxonomy":"category","embeddable":true,"href":"https:\/\/linitiative.ca\/International\/wp-json\/wp\/v2\/categories?post=122572"},{"taxonomy":"post_tag","embeddable":true,"href":"https:\/\/linitiative.ca\/International\/wp-json\/wp\/v2\/tags?post=122572"}],"curies":[{"name":"wp","href":"https:\/\/api.w.org\/{rel}","templated":true}]}}