{"id":122574,"date":"2021-07-27T03:47:59","date_gmt":"2021-07-27T07:47:59","guid":{"rendered":"https:\/\/linitiative.ca\/International\/peste-porcine-le-gouvernement-noie-le-poison\/"},"modified":"2021-07-27T03:47:59","modified_gmt":"2021-07-27T07:47:59","slug":"peste-porcine-le-gouvernement-noie-le-poison","status":"publish","type":"post","link":"https:\/\/linitiative.ca\/International\/peste-porcine-le-gouvernement-noie-le-poison\/","title":{"rendered":"Peste porcine : le gouvernement noie le poison"},"content":{"rendered":"<div>\n<p>Ed\u00e9a (Littoral), Bafia (Centre), entre autres localit\u00e9s, les alertes fusaient de partout depuis plusieurs mois sur une probable pr\u00e9sence de la peste porcine au Cameroun. Les services d\u00e9concentr\u00e9s du minist\u00e8re de l\u2019Elevage, des P\u00eaches et des Industries animales (Minepia) ont \u00e0 chaque fois r\u00e9agi en parlant de fausses alertes, sans motiver leurs d\u00e9mentis par des explications sur ce qui \u00e9tait \u00e0 l\u2019origine du nombre \u00e9lev\u00e9 de d\u00e9c\u00e8s de b\u00eates dans les fermes et ce, dans diff\u00e9rents bassins de production \u00e0 travers le pays. Ils sont rattrap\u00e9s dans cette politique de l\u2019autruche depuis la premi\u00e8re moiti\u00e9 du mois de juillet en cours, avec la saisie \u00e0 Melong dans la r\u00e9gion du Littoral, d\u2019une importante cargaison de porcs tu\u00e9s par la maladie et qui \u00e9taient achemin\u00e9s vers Douala pour \u00eatre vendus. Des pr\u00e9l\u00e8vements ont imm\u00e9diatement \u00e9t\u00e9 effectu\u00e9s sur ces b\u00eates mortes et envoy\u00e9s au Laboratoire nationale v\u00e9t\u00e9rinaire (Lanavet). Bien que les r\u00e9sultats se soient av\u00e9r\u00e9s positifs apr\u00e8s quelques jours d\u2019attente, le gouvernement ne donne pas l\u2019impression d\u2019avoir v\u00e9ritablement pris la mesure de la menace.<\/p>\n<p><strong>Lire aussi<\/strong> : <strong><a href=\"https:\/\/ecomatin.net\/les-marches-de-commercialisation-des-porcs-et-des-sous-produits-porcins-fermes-a-louest\/\">Les march\u00e9s de commercialisation des porcs et des sous-produits porcins ferm\u00e9s \u00e0 l\u2019Ouest<\/a><\/strong><\/p>\n<p>Jusque-l\u00e0, la premi\u00e8re v\u00e9ritable action de riposte est venue de l\u2019Ouest o\u00f9 le gouverneur, Awa Fonka Augustine, a ordonn\u00e9 la fermeture jusqu\u2019\u00e0 nouvel ordre des march\u00e9s de commercialisation des porcs. Sans expliquer l\u2019ampleur de l\u2019\u00e9pizootie dans cette r\u00e9gion qui compte parmi les plus grands bassins de production, l\u2019autorit\u00e9 administrative a expliqu\u00e9 que sa mesure qui s\u2019\u00e9tend \u00e0 la circulation des b\u00eates visait \u00e0 freiner la propagation de la maladie et prot\u00e9ger le cheptel. Le gouverneur de la r\u00e9gion voisine du Nord-Ouest a embo\u00eet\u00e9 le pas \u00e0 son homologue en interdisant la circulation et le transport du porc sur l\u2019\u00e9tendue de son unit\u00e9 administrative. Mais au niveau central, la r\u00e9action du gouvernement se fait toujours attendre : pas une seule d\u00e9claration du ministre de l\u2019Elevage, des P\u00eache et des Industries animales jusque-l\u00e0.<\/p>\n<p><strong>Agropoles<\/strong><\/p>\n<p>Le Dr Ta\u00efga se terre derri\u00e8re un mutisme qui ne s\u2019explique pas au moment m\u00eame o\u00f9 la survie de l\u2019une des fili\u00e8res les plus structur\u00e9es de son secteur et les plus prometteuses de l\u2019\u00e9conomie camerounaise est plus que menac\u00e9e. Selon la Banque africaine de d\u00e9veloppement (Bad), la fili\u00e8re porcine fait partie, avec le bovin, le poisson et la volaille, des quatre fili\u00e8res majeures sur lesquelles le Cameroun devrait appuyer sa croissance. C\u2019est dans cette logique qu\u2019en avril 2021, l\u2019institution financi\u00e8re a d\u00e9bloqu\u00e9 en faveur du pays une enveloppe de 55 milliards Fcfa pour accompagner la mise en \u0153uvre du Projet de d\u00e9veloppement des cha\u00eenes de valeurs de l\u2019\u00e9levage et de la pisciculture (Pdcvep), dont le co\u00fbt total s\u2019\u00e9l\u00e8ve \u00e0 65 milliards Fcfa. Cet outil est cens\u00e9 am\u00e9liorer les performances g\u00e9n\u00e9tiques des races bovines et porcines.<\/p>\n<p><strong>Lire aussi <\/strong>: <strong><a href=\"https:\/\/ecomatin.net\/soupcons-de-detournement-de-42-millions-de-fcfa-pour-la-relance-de-filiere-porcine-dans-le-nord-cameroun\/\">Soup\u00e7ons de d\u00e9tournement de 42 millions de FCFA pour la relance de fili\u00e8re porcine dans le Nord-Cameroun<\/a><\/strong><\/p>\n<p>Avant ce projet, le gouvernement a financ\u00e9 depuis 2014 et pour plusieurs milliards Fcfa, la mise en place d\u2019une demi-dizaine d\u2019agropoles de production, de transformation et de commercialisation de la viande porcine \u00e0 Abang et Dibang (Centre), Kribi (Sud), Batoufam (Ouest), entre autres localit\u00e9s. L\u2019implantation du premier agropole, qui visait une production de 26000 porcs par an, avait co\u00fbt\u00e9 4,9 milliards Fcfa.<\/p>\n<p><strong>D\u00e9ficit<\/strong><\/p>\n<p>Ces initiatives et bien d\u2019autres projets d\u00e9velopp\u00e9s par des priv\u00e9s \u00e0 l\u2019\u00e9chelle du pays dans la perspective de la r\u00e9sorption du d\u00e9ficit de production de viande en porc chiffr\u00e9 \u00e0 17000 tonnes il y a six ans, lesquels commen\u00e7aient \u00e0 porter des fruits ; du moins si l\u2019on en croit le Minepia qui faisait savoir en 2018 que les porcins avaient connu une croissance de leur cheptel de 2,8 millions de t\u00eates en 2014 \u00e0 3,5 millions de sujets en 2016. En 2018, le cheptel \u00e9tait estim\u00e9 \u00e0 3,729 millions de t\u00eates. Pour l\u2019heure, 5 r\u00e9gions sur les 10 que compte le Cameroun seraient d\u00e9j\u00e0 touch\u00e9es par la nouvelle \u00e9pizootie de peste porcine africaine. Il y a donc urgence \u00e0 agir pour sauver les meubles en prenant toutes les dispositions, par exemple, pour que le principal bassin de production de porcs, l\u2019Extr\u00eame-Nord, en l\u2019occurrence, continue d\u2019\u00eatre \u00e9pargn\u00e9. La fili\u00e8re avait en partie \u00e9t\u00e9 d\u00e9structur\u00e9e par l\u2019\u00e9pizootie de 2014 qui avait rapidement \u00e9t\u00e9 ma\u00eetris\u00e9e. Par-del\u00e0 la lutte contre la propagation de la maladie, le gouvernement devra penser \u00e0 amortir les pertes non assur\u00e9es des \u00e9leveurs des bassins d\u00e9j\u00e0 touch\u00e9s, qui sont \u00e9normes afin de relancer le plus rapidement la fili\u00e8re qui ambitionnait au d\u00e9but de la d\u00e9cennie 2010 d\u2019aller \u00e0 la conqu\u00eate des 124 millions de consommateurs de la Communaut\u00e9 \u00e9conomique des Etats de l\u2019Afrique centrale (Ceeac).<\/p>\n<p><strong>\u00abQu\u2019on ne prenne pas seulement des mesures de r\u00e9pression mais qu\u2019on accompagne des \u00e9leveurs\u00bb<\/strong><\/p>\n<div class=\"wp-block-image\">\n<figure class=\"alignleft size-large is-resized\"><img loading=\"lazy\" decoding=\"async\" src=\"https:\/\/linitiative.ca\/International\/wp-content\/uploads\/sites\/23\/2021\/07\/jouflu-1024x923-1.jpg\" alt=\"\" class=\"wp-image-29124\" width=\"240\" height=\"216\" srcset=\"https:\/\/linitiative.ca\/International\/wp-content\/uploads\/sites\/23\/2021\/07\/jouflu-1024x923-1.jpg 1024w, https:\/\/ecomatin.net\/wp-content\/uploads\/2021\/07\/jouflu-300x271.jpg 300w, https:\/\/ecomatin.net\/wp-content\/uploads\/2021\/07\/jouflu-768x693.jpg 768w, https:\/\/ecomatin.net\/wp-content\/uploads\/2021\/07\/jouflu-600x541.jpg 600w, https:\/\/ecomatin.net\/wp-content\/uploads\/2021\/07\/jouflu.jpg 1080w\" sizes=\"auto, (max-width: 240px) 100vw, 240px\"><\/figure>\n<\/div>\n<p class=\"has-text-align-center\"><strong>Bernard Souop Nguetchouessi<\/strong><\/p>\n<p><strong>Le gouverneur de l\u2019Ouest a par un arr\u00eat\u00e9 r\u00e9gional sign\u00e9 du vendredi 16 juillet dernier, interdit la commercialisation et la circulation du porc et des sous-produits porcins sous le pr\u00e9texte de la pr\u00e9sence de la peste porcine africaine (Ppa) dans son unit\u00e9 administrative. Comment avez-vous accueilli cette d\u00e9cision au sein de l\u2019interprofession ?<\/strong><\/p>\n<p>Cette mesure nous a un peu surpris mais comme on \u00e9tait d\u00e9j\u00e0 avis\u00e9 du fait des multiples mortalit\u00e9s dans les exploitations. De fa\u00e7on concert\u00e9e, on a travaill\u00e9 avec le d\u00e9l\u00e9gu\u00e9 r\u00e9gional du Minepia depuis mars. On s\u2019est rendu compte que ces mortalit\u00e9s ne faisaient que s\u2019accentuer. Apr\u00e8s des pr\u00e9l\u00e8vements qu\u2019on a d\u00fb faire dans les exploitations, on s\u2019est rendu compte que qu\u2019effectivement, c\u2019\u00e9tait la peste porcine africaine. Connaissant la frappe de ce genre de maladie zoonose et virale, il \u00e9tait de bon ton que l\u2019on prenne des mesures. Mais tout au plus, il faut aussi un encadrement. C\u2019est un peu le sens que nous voudrions bien que cette note puisse avoir. Cette mesure vise \u00e0 \u00e9teindre les foyers atteints. Nous estimons que si la maladie est survenue quelque part, et que le virus est neutralis\u00e9 \u00e0 cet endroit, il faut 14 \u00e0 21 jours pour stopper sa propagation. Que d\u2019\u00eatre dispers\u00e9 dans tous les \u00e9levages comme c\u2019est le cas actuellement o\u00f9 les commer\u00e7ants prennent des porcs pour aller voir les braiseurs. Ceux-ci chez les bouchers et d\u2019une ferme \u00e0 l\u2019autre, il communique aux commer\u00e7ants.<\/p>\n<p><strong>Lire aussi<\/strong> : <strong><a href=\"https:\/\/ecomatin.net\/la-filiere-porcine-bat-de-laile-a-lest-cameroun\/\">La fili\u00e8re porcine bat de l\u2019aile \u00e0 l\u2019Est Cameroun<\/a><\/strong><\/p>\n<p>Nous osons croire que si cette mesure est observ\u00e9e par tout le monde en m\u00eame temps, c\u2019est-\u00e0-dire, les bouchers, les commer\u00e7ants, les producteurs que nous sommes, et tous les autres acteurs de la fili\u00e8re sous-produit porc, on estime qu\u2019\u00e0 cours termes, cette maladie sera \u00e9radiqu\u00e9e. Et on doit pourvoir \u00e0 nouveau ouvrir les barri\u00e8res. Mais si nous on s\u2019obstine \u00e0 des diffusions progressives, cette maladie peut aller jusqu\u2019en octobre. Et l\u00e0, \u00e7a sera compliqu\u00e9 pour les f\u00eates de fin d\u2019ann\u00e9e avec la disponibilit\u00e9 des porcs sur le march\u00e9. Comme de fa\u00e7on r\u00e9guli\u00e8re, ce sont les petits \u00e9levages aujourd\u2019hui qui sont attaqu\u00e9s avec trois, quatre, cinq, six, vingt porcs, on estime que les grands producteurs avec des engraisseurs doivent \u00eatre pr\u00e9serv\u00e9s de cette maladie pour nous donner la possibilit\u00e9 d\u2019avoir de quoi repeupler les \u00e9levages.<\/p>\n<p><strong>Vous avez \u00e9voqu\u00e9 des pr\u00e9l\u00e8vements qui ont \u00e9t\u00e9 faits au pr\u00e9alable dans certaines exploitations. Mais sur le terrain, les avis des \u00e9leveurs sont mitig\u00e9s quant \u2019\u00e0 la pr\u00e9sence r\u00e9elle de la peste porcine africaine dans la r\u00e9gion de l\u2019Ouest ?<\/strong><\/p>\n<p>Je fais simplement confiance aux laboratoires Lanavet (Laboratoire national v\u00e9t\u00e9rinaire) et le Centre pasteur qui nous ont donn\u00e9 des r\u00e9sultats. On ne doit pas \u00e9piloguer dessus. Maintenant, il faut plut\u00f4t ne pas se permettre de faire des supputations dans tous les sens. Nous voulons plut\u00f4t encadrer ces mesures et avancer. Il n\u2019est plus temps qu\u2019on fasse la pol\u00e9mique sur son existence ou non. Les maladies rouges, il en existe. Mais nous avons toujours encadr\u00e9 \u00e0 notre niveau avec des questions de bios\u00e9curit\u00e9 et la petite vaccination des rougeurs. Et sur le march\u00e9, quand vous parlez m\u00eame de la vaccination, sous d\u2019autres cieux, il y a des vaccins. Mais sur le march\u00e9 camerounais, on ne trouve que des rougeurs. Alors qu\u2019il fallait aujourd\u2019hui comme les poulets qu\u2019on ait un ensemble de vaccination qu\u2019on passe dans le cadre du programme de prophylaxie chez le porc par exemple. La profession n\u2019a pas les moyens. Il faut un accompagnement muscl\u00e9 pour pourvoir aborder cette question d\u2019une prophylaxie r\u00e9elle que le porc doit aussi avoir \u00e0 l\u2019exemple du poulet.<\/p>\n<p><strong>Cette peste est pr\u00e9sente chaque ann\u00e9e et pratiquement \u00e0 la m\u00eame p\u00e9riode. Quelles mesures avez-vous pris \u00e0 votre niveau pour pourvoir \u00e9viter de telles crises quasiment annuelles ?<\/strong><\/p>\n<p>C\u2019est seulement cette ann\u00e9e que cette crise a pris cette ampleur. L\u2019interprofession a toujours travaill\u00e9 via certaines structures qui nous ont accompagn\u00e9 pour le financement des s\u00e9minaires de renforcement des capacit\u00e9s. J\u2019ai toujours r\u00e9uni 500 personnes dans le but de les outiller \u00e0 la bios\u00e9curit\u00e9 parce qu\u2019en fait, cette maladie ne vient pas de nulle part. Elle part d\u2019un point A \u00e0 un point B. Les \u00e9leveurs sont encadr\u00e9s dans le cadre des renforcements des capacit\u00e9s pour savoir ce qu\u2019il ne faut pas faire et ce qu\u2019il faut faire. Ne pas prendre son porc pour aller croiser chez le voisin. Ne pas manger un porc malade quand vous avez une exploitation porcine. Ces s\u00e9minaires que nous faisons avec l\u2019accompagnement de certaines structures qui payaient la salle, nous ne pouvons pas toujours le faire \u00e0 notre niveau. Des structures partenaires ont connu la grippe aviaire et le Covid-19 et ne sont plus capables de nous accompagner. C\u2019est pour cette raison qu\u2019il y a r\u00e9surgence. Mais les autres fois, c\u2019\u00e9taient des rougeurs. Avec des mesures de bios\u00e9curit\u00e9, \u00e7a passait sans que les gens ne sachent. Mais nous nous y mettions. Nous n\u2019avons pas encore \u00e9t\u00e9 accompagn\u00e9s \u00e0 l\u2019interprofession par l\u2019Etat dans ce sens. Qu\u2019on ne prenne pas seulement des mesures de r\u00e9pression mais qu\u2019on accompagne des \u00e9leveurs.<\/p>\n<p><strong>Jean Omer Eyango &amp; Armel Djiogue<\/strong><\/p>\n<p>L\u2019article <a rel=\"nofollow\" href=\"https:\/\/ecomatin.net\/peste-porcine-le-gouvernementt-noie-le-poison\/\">Peste porcine : le gouvernement noie le poison<\/a> est apparu en premier sur <a rel=\"nofollow\" href=\"https:\/\/ecomatin.net\/\">EcoMatin<\/a>.<\/p>\n<\/div>\n<p>Auteur: EcoMatin<br \/>\n<a href=\"https:\/\/ecomatin.net\/peste-porcine-le-gouvernementt-noie-le-poison\/\">Cliquez ici pour lire l&rsquo;article depuis sa source.<\/a><\/p>\n","protected":false},"excerpt":{"rendered":"<p>Ed\u00e9a (Littoral), Bafia (Centre), entre autres localit\u00e9s, les alertes fusaient de partout depuis plusieurs mois sur une probable pr\u00e9sence de la peste porcine au Cameroun. Les services d\u00e9concentr\u00e9s du minist\u00e8re de l\u2019Elevage, des P\u00eaches et des Industries animales (Minepia) ont \u00e0 chaque fois r\u00e9agi en parlant de fausses alertes, sans motiver leurs d\u00e9mentis par des [&hellip;]<\/p>\n","protected":false},"author":1969,"featured_media":0,"comment_status":"closed","ping_status":"closed","sticky":false,"template":"","format":"standard","meta":{"fifu_image_url":"https:\/\/ecomatin.net\/wp-content\/uploads\/2021\/07\/jouflu-1024x923.jpg","fifu_image_alt":"Peste porcine : le gouvernement noie le poison","footnotes":""},"categories":[82,78],"tags":[],"class_list":["post-122574","post","type-post","status-publish","format-standard","hentry","category-cameroun","category-economie"],"_links":{"self":[{"href":"https:\/\/linitiative.ca\/International\/wp-json\/wp\/v2\/posts\/122574","targetHints":{"allow":["GET"]}}],"collection":[{"href":"https:\/\/linitiative.ca\/International\/wp-json\/wp\/v2\/posts"}],"about":[{"href":"https:\/\/linitiative.ca\/International\/wp-json\/wp\/v2\/types\/post"}],"author":[{"embeddable":true,"href":"https:\/\/linitiative.ca\/International\/wp-json\/wp\/v2\/users\/1969"}],"replies":[{"embeddable":true,"href":"https:\/\/linitiative.ca\/International\/wp-json\/wp\/v2\/comments?post=122574"}],"version-history":[{"count":0,"href":"https:\/\/linitiative.ca\/International\/wp-json\/wp\/v2\/posts\/122574\/revisions"}],"wp:attachment":[{"href":"https:\/\/linitiative.ca\/International\/wp-json\/wp\/v2\/media?parent=122574"}],"wp:term":[{"taxonomy":"category","embeddable":true,"href":"https:\/\/linitiative.ca\/International\/wp-json\/wp\/v2\/categories?post=122574"},{"taxonomy":"post_tag","embeddable":true,"href":"https:\/\/linitiative.ca\/International\/wp-json\/wp\/v2\/tags?post=122574"}],"curies":[{"name":"wp","href":"https:\/\/api.w.org\/{rel}","templated":true}]}}