{"id":122576,"date":"2021-07-27T14:03:52","date_gmt":"2021-07-27T18:03:52","guid":{"rendered":"https:\/\/linitiative.ca\/International\/cacao-cafe-le-fodecc-et-lapeccam-signent-une-convention-de-financement-destinee-aux-producteurs\/"},"modified":"2021-07-27T14:03:52","modified_gmt":"2021-07-27T18:03:52","slug":"cacao-cafe-le-fodecc-et-lapeccam-signent-une-convention-de-financement-destinee-aux-producteurs","status":"publish","type":"post","link":"https:\/\/linitiative.ca\/International\/cacao-cafe-le-fodecc-et-lapeccam-signent-une-convention-de-financement-destinee-aux-producteurs\/","title":{"rendered":"Cacao-caf\u00e9 : le Fodecc et l\u2019Apeccam signent une convention de financement destin\u00e9e aux producteurs"},"content":{"rendered":"<div>\n<p>Le processus visant \u00e0 booster la fili\u00e8re cacao-caf\u00e9 continue de faire son chemin. Dans cet \u00e9lan figure aujourd\u2019hui la signature d\u2019une convention cadre entre le Fonds de d\u00e9veloppement des fili\u00e8res cacao-caf\u00e9 (Fodecc), repr\u00e9sent\u00e9 par Auguste Essomba, le pr\u00e9sident du Comit\u00e9 de gestion du Fodecc et l\u2019Association professionnelle des \u00e9tablissements de cr\u00e9dit du Cameroun (Appecam), repr\u00e9sent\u00e9 par son pr\u00e9sident Alphonse Nanfack. La c\u00e9r\u00e9monie de signature a eu lieu le 22 juillet 2021, \u00e0 Yaound\u00e9.<\/p>\n<p>Cette signature intervient deux semaines apr\u00e8s le lancement officiel du guichet producteurs des fili\u00e8res cacao et caf\u00e9, et permet de rendre concret l\u2019accompagnement financier dont rev\u00eat le guichet. Selon le Fodecc cette convention a \u00ab\u00a0pour objet d\u2019\u00e9tablir un partenariat entre le Fodecc et les \u00e9tablissements de cr\u00e9dit, membres de l\u2019Apeccam, dans le but de d\u00e9finir les r\u00f4les\u00a0\u00a0et les responsabilit\u00e9s des diff\u00e9rentes parties\u00a0\u00bb, renseigne l\u2019institution.<\/p>\n<p><strong>Lire aussi <\/strong>: <strong><a href=\"https:\/\/ecomatin.net\/la-ghaneenne-charity-naa-sackitey-nommee-a-la-tete-de-la-societe-industrielle-des-cacaos-sic-cacaos\/\">La ghan\u00e9enne Charity Naa Sackitey nomm\u00e9e \u00e0 la t\u00eate de la Soci\u00e9t\u00e9 industrielle des cacaos (Sic Cacaos)<\/a><\/strong><\/p>\n<p>Le volet financement dont il est question dans le cadre de ce guichet pr\u00e9voit que les producteurs b\u00e9n\u00e9ficiaires ont droit \u00e0 trois types de subventions\u00a0: la subvention en intrants agricoles (engrais, semences\/plants et produits phytosanitaires), celle sur les \u00e9quipements et machines agricoles et les infrastructures de soutien \u00e0 la production. Mais pour rentrer en possession d\u2019une subvention, le producteur pi\u00e8ce essentiel du guichet d\u00e9clenche le processus d\u2019obtention d\u2019un accompagnement financier. Ceci en mobilisant une quote-part de 60 \u00e0 70%, par la suite Fodecc d\u00e9bloque un montant de subvention \u00e0 hauteur de 20 \u00e0 30%.<\/p>\n<p><strong>Origine<\/strong><\/p>\n<p>Le guichet producteur des fili\u00e8res cacao et caf\u00e9 lanc\u00e9 officiellement le 8 juillet 2021, et autoris\u00e9 le 25 f\u00e9vrier 2021 par la pr\u00e9sidence de la r\u00e9publique et port\u00e9 par le Fonds de d\u00e9veloppement des fili\u00e8res cacao-caf\u00e9 (Fodecc), se d\u00e9finit comme le m\u00e9canisme qui permettra aux producteurs des fili\u00e8res concern\u00e9es, des diff\u00e9rents bassins agricoles de rentrer en possession des subventions gouvernementales de masse ou \u00e0 la carte. Avec une enveloppe de 6,2 milliards de Fcfa pour le compte de l\u2019ann\u00e9e 2021, le guichet producteurs se donne pour objectif de favoriser l\u2019accroissement de la production nationale de cacao \u00e0 640\u00a0000 tonnes \u00e0 l\u2019horizon 2030, et 160\u00a0000 tonnes pour le caf\u00e9, sur la m\u00eame p\u00e9riode.<\/p>\n<p><strong>Lire aussi<\/strong> : <strong><a href=\"https:\/\/ecomatin.net\/cacao-cafe-un-guichet-producteur-de-62-milliards-pour-booster-la-filiere\/\">Cacao-caf\u00e9 : un guichet producteur de 6,2 milliards pour booster la fili\u00e8re<\/a><\/strong><\/p>\n<p>Il est important de rappeler que c\u2019est la premi\u00e8re fois qu\u2019une initiative tel que le guichet producteur voit le jour dans la fili\u00e8re cacao-caf\u00e9, mais il convient de noter que des initiatives isol\u00e9es visant \u00e0 booster a fili\u00e8re ont d\u00e9j\u00e0 \u00e9t\u00e9 mise en \u0153uvre par les pouvoirs publics. Notamment la prie de qualit\u00e9 d\u2019une enveloppe de 800 millions de Fcfa revers\u00e9e aux producteurs de cacao dans les r\u00e9gions du Centre, de l\u2019Ouest, du Sud, de l\u2019Est, du Littoral et du Sud-Ouest; la subvention de 50 milliards de Fcfa au Fodecc pour les cinq prochaines ann\u00e9es visant \u00e0 fournir aux producteurs de la fili\u00e8re cacao-caf\u00e9, des produits et mat\u00e9riels agricoles.<\/p>\n<p>Rappelons que le Fonds de d\u00e9veloppement du cacao et du caf\u00e9 (Fodecc), voit le jour par la loi 2004\/025 du 30 d\u00e9cembre 2004 sur le commerce du cacao et du caf\u00e9. Il a pour missions\u00a0: d\u2019appuyer la relance des fili\u00e8res cacao et caf\u00e9\u00a0; soutenir la recherche appliqu\u00e9e sur ces produits et l\u2019am\u00e9lioration de leur qualit\u00e9 appuyer les programmes de formation et d\u2019information des op\u00e9rateurs des fili\u00e8res cacao et caf\u00e9 et la promotion et la conservation locales du cacao et du caf\u00e9.<\/p>\n<p><strong>Lire aussi<\/strong> : <strong><a href=\"https:\/\/ecomatin.net\/exportation-les-prix-du-cacao-chutent-de-82-au-mois-davril\/\">Exportation : les prix du cacao chutent de 8,2% au mois d\u2019avril<\/a><\/strong><\/p>\n<p>L\u2019article <a rel=\"nofollow\" href=\"https:\/\/ecomatin.net\/cacao-cafe-lle-fodecc-et-lapeccam-signentt-une-convention-de-financementt-destinee-aux-producteurs\/\">Cacao-caf\u00e9 : le Fodecc et l\u2019Apeccam signent une convention de financement destin\u00e9e aux producteurs<\/a> est apparu en premier sur <a rel=\"nofollow\" href=\"https:\/\/ecomatin.net\/\">EcoMatin<\/a>.<\/p>\n<\/div>\n<p>Auteur: Cindy MBALA<br \/>\n<a href=\"https:\/\/ecomatin.net\/cacao-cafe-lle-fodecc-et-lapeccam-signentt-une-convention-de-financementt-destinee-aux-producteurs\/\">Cliquez ici pour lire l&rsquo;article depuis sa source.<\/a><\/p>\n","protected":false},"excerpt":{"rendered":"<p>Le processus visant \u00e0 booster la fili\u00e8re cacao-caf\u00e9 continue de faire son chemin. Dans cet \u00e9lan figure aujourd\u2019hui la signature d\u2019une convention cadre entre le Fonds de d\u00e9veloppement des fili\u00e8res cacao-caf\u00e9 (Fodecc), repr\u00e9sent\u00e9 par Auguste Essomba, le pr\u00e9sident du Comit\u00e9 de gestion du Fodecc et l\u2019Association professionnelle des \u00e9tablissements de cr\u00e9dit du Cameroun (Appecam), repr\u00e9sent\u00e9 [&hellip;]<\/p>\n","protected":false},"author":1969,"featured_media":0,"comment_status":"closed","ping_status":"closed","sticky":false,"template":"","format":"standard","meta":{"fifu_image_url":"","fifu_image_alt":"","footnotes":""},"categories":[82,78],"tags":[],"class_list":["post-122576","post","type-post","status-publish","format-standard","hentry","category-cameroun","category-economie"],"_links":{"self":[{"href":"https:\/\/linitiative.ca\/International\/wp-json\/wp\/v2\/posts\/122576","targetHints":{"allow":["GET"]}}],"collection":[{"href":"https:\/\/linitiative.ca\/International\/wp-json\/wp\/v2\/posts"}],"about":[{"href":"https:\/\/linitiative.ca\/International\/wp-json\/wp\/v2\/types\/post"}],"author":[{"embeddable":true,"href":"https:\/\/linitiative.ca\/International\/wp-json\/wp\/v2\/users\/1969"}],"replies":[{"embeddable":true,"href":"https:\/\/linitiative.ca\/International\/wp-json\/wp\/v2\/comments?post=122576"}],"version-history":[{"count":0,"href":"https:\/\/linitiative.ca\/International\/wp-json\/wp\/v2\/posts\/122576\/revisions"}],"wp:attachment":[{"href":"https:\/\/linitiative.ca\/International\/wp-json\/wp\/v2\/media?parent=122576"}],"wp:term":[{"taxonomy":"category","embeddable":true,"href":"https:\/\/linitiative.ca\/International\/wp-json\/wp\/v2\/categories?post=122576"},{"taxonomy":"post_tag","embeddable":true,"href":"https:\/\/linitiative.ca\/International\/wp-json\/wp\/v2\/tags?post=122576"}],"curies":[{"name":"wp","href":"https:\/\/api.w.org\/{rel}","templated":true}]}}