{"id":122579,"date":"2021-07-28T10:03:54","date_gmt":"2021-07-28T14:03:54","guid":{"rendered":"https:\/\/linitiative.ca\/International\/tesla-gagne-pour-la-1ere-fois-plus-dun-milliard-de-dollars-sur-un-trimestre\/"},"modified":"2021-07-28T10:03:54","modified_gmt":"2021-07-28T14:03:54","slug":"tesla-gagne-pour-la-1ere-fois-plus-dun-milliard-de-dollars-sur-un-trimestre","status":"publish","type":"post","link":"https:\/\/linitiative.ca\/International\/tesla-gagne-pour-la-1ere-fois-plus-dun-milliard-de-dollars-sur-un-trimestre\/","title":{"rendered":"Tesla gagne pour la 1\u00e8re fois plus d\u2019un milliard  de dollars sur un trimestre"},"content":{"rendered":"<div>\n<p><img decoding=\"async\" width=\"300\" height=\"153\" src=\"https:\/\/linitiative.ca\/International\/wp-content\/uploads\/sites\/23\/2021\/07\/USA-Tesla-300x153-1.jpg\" class=\"attachment-medium size-medium wp-post-image\" alt=\"\" loading=\"lazy\" srcset=\"\/\/aujourdhui.ma\/wp-content\/uploads\/2021\/07\/USA-Tesla-300x153.jpg 300w, \/\/aujourdhui.ma\/wp-content\/uploads\/2021\/07\/USA-Tesla-274x140.jpg 274w, \/\/aujourdhui.ma\/wp-content\/uploads\/2021\/07\/USA-Tesla.jpg 746w, \/\/aujourdhui.ma\/wp-content\/uploads\/2021\/07\/USA-Tesla-165x84.jpg 165w, \/\/aujourdhui.ma\/wp-content\/uploads\/2021\/07\/USA-Tesla-702x358.jpg 702w\" sizes=\"auto, (max-width: 300px) 100vw, 300px\"><\/p>\n<p><span style=\"font-size: 20px; color: #800000;\"><strong>Dop\u00e9 par un nombre record de livraisons au deuxi\u00e8me trimestre<\/strong><\/span><span id=\"more-382738\"><\/span><\/p>\n<p>Le constructeur de v\u00e9hicules \u00e9lectriques Tesla, dop\u00e9 par un nombre record de livraisons au deuxi\u00e8me trimestre, a gagn\u00e9 pour la premi\u00e8re fois plus d\u2019un milliard de dollars sur trois mois mais a pr\u00e9venu que la p\u00e9nurie de puces \u00e9lectroniques restait une menace. La situation du c\u00f4t\u00e9 des semi-conducteurs continue d\u2019\u00eatre \u00abassez s\u00e9rieuse\u00bb, a soulign\u00e9 Elon Musk, le patron de Tesla, lors d\u2019une conf\u00e9rence t\u00e9l\u00e9phonique avec des analystes. \u00abC\u2019est compliqu\u00e9 de dire combien de temps \u00e7a va durer car on ne peut rien y faire nous-m\u00eames\u00bb.<\/p>\n<p>Le groupe a jusqu\u2019\u00e0 pr\u00e9sent pu contourner une bonne partie du probl\u00e8me en utilisant de nouveaux mod\u00e8les de puces et en r\u00e9\u00e9crivant les logiciels en cons\u00e9quence. Mais \u00abpour le reste de l\u2019ann\u00e9e, notre croissance d\u00e9pendra du plus petit \u00e9l\u00e9ment de notre cha\u00eene d\u2019approvisionnement\u00bb, a pr\u00e9venu M. Musk. Le constructeur automobile, qui avait annonc\u00e9 en janvier vouloir faire cro\u00eetre ses livraisons de 50% en moyenne par an pendant plusieurs ann\u00e9es, n\u2019a toutefois pas officiellement chang\u00e9 ses pr\u00e9visions. Du c\u00f4t\u00e9 de ses usines en cours de construction, Tesla estime \u00eatre toujours \u00absur la bonne voie pour fabriquer (ses) premiers v\u00e9hicules Model Y \u00e0 Berlin et Austin en 2021\u00bb.<\/p>\n<p>En revanche, \u00abpour mieux se concentrer sur ces usines, et en raison de la disponibilit\u00e9 limit\u00e9e des cellules de batterie et des d\u00e9fis de la cha\u00eene d\u2019approvisionnement mondiale\u00bb, Tesla a d\u00e9cid\u00e9 de repousser \u00e0 2022 le lancement de la production de son camion Semi. M. Musk a aussi indiqu\u00e9 lors de la conf\u00e9rence t\u00e9l\u00e9phonique que son pick-up \u00e9lectrique Cybertruck allait prendre du retard. L\u2019entreprise avait d\u00e9j\u00e0 annonc\u00e9 avoir livr\u00e9 201.250 v\u00e9hicules au deuxi\u00e8me trimestre, un niveau in\u00e9dit malgr\u00e9 cette p\u00e9nurie de puces \u00e9lectroniques et les probl\u00e8mes d\u2019approvisionnement qui perturbent le secteur automobile depuis le d\u00e9but de l\u2019ann\u00e9e. Le b\u00e9n\u00e9fice net du groupe a \u00e9t\u00e9 multipli\u00e9 par dix sur la p\u00e9riode pour atteindre 1,14 milliard de dollars. Son chiffre d\u2019affaires a de son c\u00f4t\u00e9 presque doubl\u00e9, pour s\u2019\u00e9lever \u00e0 11,96 milliards de dollars.<\/p>\n<\/div>\n<p>Auteur: ALM<br \/>\n<a href=\"https:\/\/aujourdhui.ma\/automobile\/tesla-gagne-pour-la-1ere-fois-plus-dun-milliard-de-dollars-sur-un-trimestre\">Cliquez ici pour lire l&rsquo;article depuis sa source.<\/a><\/p>\n","protected":false},"excerpt":{"rendered":"<p>Dop\u00e9 par un nombre record de livraisons au deuxi\u00e8me trimestre Le constructeur de v\u00e9hicules \u00e9lectriques Tesla, dop\u00e9 par un nombre record de livraisons au deuxi\u00e8me trimestre, a gagn\u00e9 pour la premi\u00e8re fois plus d\u2019un milliard de dollars sur trois mois mais a pr\u00e9venu que la p\u00e9nurie de puces \u00e9lectroniques restait une menace. La situation du [&hellip;]<\/p>\n","protected":false},"author":1759,"featured_media":0,"comment_status":"closed","ping_status":"closed","sticky":false,"template":"","format":"standard","meta":{"fifu_image_url":"https:\/\/aujourdhui.ma\/wp-content\/uploads\/2021\/07\/USA-Tesla-300x153.jpg","fifu_image_alt":"Tesla gagne pour la 1\u00e8re fois plus d\u2019un milliard  de dollars sur un trimestre","footnotes":""},"categories":[73,54],"tags":[],"class_list":["post-122579","post","type-post","status-publish","format-standard","hentry","category-actualite","category-maroc"],"_links":{"self":[{"href":"https:\/\/linitiative.ca\/International\/wp-json\/wp\/v2\/posts\/122579","targetHints":{"allow":["GET"]}}],"collection":[{"href":"https:\/\/linitiative.ca\/International\/wp-json\/wp\/v2\/posts"}],"about":[{"href":"https:\/\/linitiative.ca\/International\/wp-json\/wp\/v2\/types\/post"}],"author":[{"embeddable":true,"href":"https:\/\/linitiative.ca\/International\/wp-json\/wp\/v2\/users\/1759"}],"replies":[{"embeddable":true,"href":"https:\/\/linitiative.ca\/International\/wp-json\/wp\/v2\/comments?post=122579"}],"version-history":[{"count":0,"href":"https:\/\/linitiative.ca\/International\/wp-json\/wp\/v2\/posts\/122579\/revisions"}],"wp:attachment":[{"href":"https:\/\/linitiative.ca\/International\/wp-json\/wp\/v2\/media?parent=122579"}],"wp:term":[{"taxonomy":"category","embeddable":true,"href":"https:\/\/linitiative.ca\/International\/wp-json\/wp\/v2\/categories?post=122579"},{"taxonomy":"post_tag","embeddable":true,"href":"https:\/\/linitiative.ca\/International\/wp-json\/wp\/v2\/tags?post=122579"}],"curies":[{"name":"wp","href":"https:\/\/api.w.org\/{rel}","templated":true}]}}