{"id":122584,"date":"2021-07-28T11:07:23","date_gmt":"2021-07-28T15:07:23","guid":{"rendered":"https:\/\/linitiative.ca\/International\/reduction-des-risques-le-manifeste-un-ouvrage-collectif-tres-actuel-chez-les-editions-orion\/"},"modified":"2021-07-28T11:07:23","modified_gmt":"2021-07-28T15:07:23","slug":"reduction-des-risques-le-manifeste-un-ouvrage-collectif-tres-actuel-chez-les-editions-orion","status":"publish","type":"post","link":"https:\/\/linitiative.ca\/International\/reduction-des-risques-le-manifeste-un-ouvrage-collectif-tres-actuel-chez-les-editions-orion\/","title":{"rendered":"\u00ab\u00a0R\u00e9duction des risques : le Manifeste\u00a0\u00bb, un ouvrage collectif tr\u00e8s actuel, chez les \u00c9ditions Orion"},"content":{"rendered":"<div>\n<p><img decoding=\"async\" width=\"300\" height=\"153\" src=\"https:\/\/linitiative.ca\/International\/wp-content\/uploads\/sites\/23\/2021\/07\/Najib-Abdelhak-ReCC81duction-des-risques-le-Manifeste-300x153-1.jpg\" class=\"attachment-medium size-medium wp-post-image\" alt=\"\" loading=\"lazy\" srcset=\"\/\/aujourdhui.ma\/wp-content\/uploads\/2021\/07\/Najib-Abdelhak-Re\u0301duction-des-risques-le-Manifeste-300x153.jpg 300w, \/\/aujourdhui.ma\/wp-content\/uploads\/2021\/07\/Najib-Abdelhak-Re\u0301duction-des-risques-le-Manifeste-274x140.jpg 274w, \/\/aujourdhui.ma\/wp-content\/uploads\/2021\/07\/Najib-Abdelhak-Re\u0301duction-des-risques-le-Manifeste.jpg 746w, \/\/aujourdhui.ma\/wp-content\/uploads\/2021\/07\/Najib-Abdelhak-Re\u0301duction-des-risques-le-Manifeste-165x84.jpg 165w, \/\/aujourdhui.ma\/wp-content\/uploads\/2021\/07\/Najib-Abdelhak-Re\u0301duction-des-risques-le-Manifeste-702x358.jpg 702w\" sizes=\"auto, (max-width: 300px) 100vw, 300px\"><\/p>\n<p><span style=\"font-size: 20px; color: #800000;\"><strong>C\u2019est parti pour le lancement de l\u2019ouvrage collectif tr\u00e8s attendu, publi\u00e9 par les \u00c9ditions Orion, \u00abR\u00e9duction des risques : le Manifeste\u00bb. 26 auteurs, des quatre coins du monde, r\u00e9unis pour analyser la gestion des risques dans le monde o\u00f9 l\u2019on vit aujourd\u2019hui.<\/strong> <\/span><span id=\"more-382749\"><\/span><\/p>\n<p>Mardi lors d\u2019une c\u00e9r\u00e9monie conviviale, les auteurs de l\u2019ouvrage ont d\u00e9voil\u00e9 les tenants et les aboutissants d\u2019un travail collectif de r\u00e9flexions de sant\u00e9 post-Covid. Du m\u00e9dical au social, de l\u2019environnement \u00e0 l\u2019\u00e9conomie, un panel d\u2019experts soul\u00e8ve la r\u00e9duction des risques en concept \u00e9largi de politique de sant\u00e9 publique. Vid\u00e9o.<\/p>\n<p><strong>Reportage Chafik Arich<\/strong><\/p>\n<\/div>\n<p>Auteur: ALM<br \/>\n<a href=\"https:\/\/aujourdhui.ma\/videos\/reduction-des-risques-le-manifeste-un-ouvrage-collectif-tres-actuel-chez-les-editions-orion\">Cliquez ici pour lire l&rsquo;article depuis sa source.<\/a><\/p>\n","protected":false},"excerpt":{"rendered":"<p>C\u2019est parti pour le lancement de l\u2019ouvrage collectif tr\u00e8s attendu, publi\u00e9 par les \u00c9ditions Orion, \u00abR\u00e9duction des risques : le Manifeste\u00bb. 26 auteurs, des quatre coins du monde, r\u00e9unis pour analyser la gestion des risques dans le monde o\u00f9 l\u2019on vit aujourd\u2019hui. Mardi lors d\u2019une c\u00e9r\u00e9monie conviviale, les auteurs de l\u2019ouvrage ont d\u00e9voil\u00e9 les tenants [&hellip;]<\/p>\n","protected":false},"author":1759,"featured_media":0,"comment_status":"closed","ping_status":"closed","sticky":false,"template":"","format":"standard","meta":{"fifu_image_url":"https:\/\/aujourdhui.ma\/wp-content\/uploads\/2021\/07\/Najib-Abdelhak-Re\u0301duction-des-risques-le-Manifeste-300x153.jpg","fifu_image_alt":"\u00ab\u00a0R\u00e9duction des risques : le Manifeste\u00a0\u00bb, un ouvrage collectif tr\u00e8s actuel, chez les \u00c9ditions Orion","footnotes":""},"categories":[73,54],"tags":[],"class_list":["post-122584","post","type-post","status-publish","format-standard","hentry","category-actualite","category-maroc"],"_links":{"self":[{"href":"https:\/\/linitiative.ca\/International\/wp-json\/wp\/v2\/posts\/122584","targetHints":{"allow":["GET"]}}],"collection":[{"href":"https:\/\/linitiative.ca\/International\/wp-json\/wp\/v2\/posts"}],"about":[{"href":"https:\/\/linitiative.ca\/International\/wp-json\/wp\/v2\/types\/post"}],"author":[{"embeddable":true,"href":"https:\/\/linitiative.ca\/International\/wp-json\/wp\/v2\/users\/1759"}],"replies":[{"embeddable":true,"href":"https:\/\/linitiative.ca\/International\/wp-json\/wp\/v2\/comments?post=122584"}],"version-history":[{"count":0,"href":"https:\/\/linitiative.ca\/International\/wp-json\/wp\/v2\/posts\/122584\/revisions"}],"wp:attachment":[{"href":"https:\/\/linitiative.ca\/International\/wp-json\/wp\/v2\/media?parent=122584"}],"wp:term":[{"taxonomy":"category","embeddable":true,"href":"https:\/\/linitiative.ca\/International\/wp-json\/wp\/v2\/categories?post=122584"},{"taxonomy":"post_tag","embeddable":true,"href":"https:\/\/linitiative.ca\/International\/wp-json\/wp\/v2\/tags?post=122584"}],"curies":[{"name":"wp","href":"https:\/\/api.w.org\/{rel}","templated":true}]}}