{"id":122586,"date":"2021-07-28T11:16:27","date_gmt":"2021-07-28T15:16:27","guid":{"rendered":"https:\/\/linitiative.ca\/International\/covid-19-maroc-la-situation-epidemiologique-au-28-juillet-2021-a-16h00\/"},"modified":"2021-07-28T11:16:27","modified_gmt":"2021-07-28T15:16:27","slug":"covid-19-maroc-la-situation-epidemiologique-au-28-juillet-2021-a-16h00","status":"publish","type":"post","link":"https:\/\/linitiative.ca\/International\/covid-19-maroc-la-situation-epidemiologique-au-28-juillet-2021-a-16h00\/","title":{"rendered":"Covid-19 \/ Maroc : La situation \u00e9pid\u00e9miologique au 28 juillet 2021 \u00e0 16H00"},"content":{"rendered":"<div>\n<p><img decoding=\"async\" width=\"300\" height=\"153\" src=\"https:\/\/linitiative.ca\/International\/wp-content\/uploads\/sites\/23\/2021\/07\/maroc-covid-vaccin-300x153-2.jpg\" class=\"attachment-medium size-medium wp-post-image\" alt=\"\" loading=\"lazy\" srcset=\"\/\/aujourdhui.ma\/wp-content\/uploads\/2021\/02\/maroc-covid-vaccin-300x153.jpg 300w, \/\/aujourdhui.ma\/wp-content\/uploads\/2021\/02\/maroc-covid-vaccin-274x140.jpg 274w, \/\/aujourdhui.ma\/wp-content\/uploads\/2021\/02\/maroc-covid-vaccin.jpg 746w, \/\/aujourdhui.ma\/wp-content\/uploads\/2021\/02\/maroc-covid-vaccin-165x84.jpg 165w, \/\/aujourdhui.ma\/wp-content\/uploads\/2021\/02\/maroc-covid-vaccin-702x358.jpg 702w\" sizes=\"auto, (max-width: 300px) 100vw, 300px\"><\/p>\n<p><span style=\"color: #800000; font-size: 20px;\"><strong>Entre hier \u00e0 16H00 et aujourd\u2019hui \u00e0 16H00<\/strong><\/span><span id=\"more-381999\"><\/span><span id=\"more-382744\"><\/span><\/p>\n<p>9.428 nouveaux cas soit un cumul de 597.876 cas \u00e0 ce jour.<br \/>\n1.766 gu\u00e9risons soit un cumul de 550.882 \u00e0 ce jour.<br \/>\n27 nouveaux d\u00e9c\u00e8s donc un cumul de 9.665 \u00e0 ce jour.<\/p>\n<p><span style=\"color: #ff0000;\"><strong>Nombre de personnes vaccin\u00e9es au 28 Juillet 16H00<\/strong><\/span><\/p>\n<p>1\u00e8re dose<\/p>\n<p><span style=\"color: #ff0000;\"><strong>12.971.479<\/strong><\/span><\/p>\n<p>2\u00e8me dose<\/p>\n<p><span style=\"color: #ff0000;\"><strong>10.015.447<\/strong><\/span><\/p>\n<p><a href=\"https:\/\/linitiative.ca\/International\/wp-content\/uploads\/sites\/23\/2021\/07\/coronavirus-28072021_page-0001.jpg\"><img decoding=\"async\" loading=\"lazy\" class=\"aligncenter size-full wp-image-382753\" src=\"https:\/\/linitiative.ca\/International\/wp-content\/uploads\/sites\/23\/2021\/07\/coronavirus-28072021_page-0001.jpg\" alt=\"\" width=\"1241\" height=\"1754\" srcset=\"\/\/aujourdhui.ma\/wp-content\/uploads\/2021\/07\/coronavirus-28072021_page-0001.jpg 1241w, \/\/aujourdhui.ma\/wp-content\/uploads\/2021\/07\/coronavirus-28072021_page-0001-212x300.jpg 212w, \/\/aujourdhui.ma\/wp-content\/uploads\/2021\/07\/coronavirus-28072021_page-0001-725x1024.jpg 725w, \/\/aujourdhui.ma\/wp-content\/uploads\/2021\/07\/coronavirus-28072021_page-0001-768x1085.jpg 768w, \/\/aujourdhui.ma\/wp-content\/uploads\/2021\/07\/coronavirus-28072021_page-0001-1087x1536.jpg 1087w\" sizes=\"auto, (max-width: 1241px) 100vw, 1241px\"><\/a> <a href=\"https:\/\/linitiative.ca\/International\/wp-content\/uploads\/sites\/23\/2021\/07\/coronavirus-28072021_page-0002.jpg\"><img decoding=\"async\" loading=\"lazy\" class=\"aligncenter size-full wp-image-382754\" src=\"https:\/\/linitiative.ca\/International\/wp-content\/uploads\/sites\/23\/2021\/07\/coronavirus-28072021_page-0002.jpg\" alt=\"\" width=\"1241\" height=\"1754\" srcset=\"\/\/aujourdhui.ma\/wp-content\/uploads\/2021\/07\/coronavirus-28072021_page-0002.jpg 1241w, \/\/aujourdhui.ma\/wp-content\/uploads\/2021\/07\/coronavirus-28072021_page-0002-212x300.jpg 212w, \/\/aujourdhui.ma\/wp-content\/uploads\/2021\/07\/coronavirus-28072021_page-0002-725x1024.jpg 725w, \/\/aujourdhui.ma\/wp-content\/uploads\/2021\/07\/coronavirus-28072021_page-0002-768x1085.jpg 768w, \/\/aujourdhui.ma\/wp-content\/uploads\/2021\/07\/coronavirus-28072021_page-0002-1087x1536.jpg 1087w\" sizes=\"auto, (max-width: 1241px) 100vw, 1241px\"><\/a> <a href=\"https:\/\/linitiative.ca\/International\/wp-content\/uploads\/sites\/23\/2021\/07\/coronavirus-28072021_page-0003.jpg\"><img decoding=\"async\" loading=\"lazy\" class=\"aligncenter size-full wp-image-382755\" src=\"https:\/\/linitiative.ca\/International\/wp-content\/uploads\/sites\/23\/2021\/07\/coronavirus-28072021_page-0003.jpg\" alt=\"\" width=\"1241\" height=\"1754\" srcset=\"\/\/aujourdhui.ma\/wp-content\/uploads\/2021\/07\/coronavirus-28072021_page-0003.jpg 1241w, \/\/aujourdhui.ma\/wp-content\/uploads\/2021\/07\/coronavirus-28072021_page-0003-212x300.jpg 212w, \/\/aujourdhui.ma\/wp-content\/uploads\/2021\/07\/coronavirus-28072021_page-0003-725x1024.jpg 725w, \/\/aujourdhui.ma\/wp-content\/uploads\/2021\/07\/coronavirus-28072021_page-0003-768x1085.jpg 768w, \/\/aujourdhui.ma\/wp-content\/uploads\/2021\/07\/coronavirus-28072021_page-0003-1087x1536.jpg 1087w\" sizes=\"auto, (max-width: 1241px) 100vw, 1241px\"><\/a> <a href=\"https:\/\/linitiative.ca\/International\/wp-content\/uploads\/sites\/23\/2021\/07\/coronavirus-28072021_page-0004.jpg\"><img decoding=\"async\" loading=\"lazy\" class=\"aligncenter size-full wp-image-382756\" src=\"https:\/\/linitiative.ca\/International\/wp-content\/uploads\/sites\/23\/2021\/07\/coronavirus-28072021_page-0004.jpg\" alt=\"\" width=\"1241\" height=\"1754\" srcset=\"\/\/aujourdhui.ma\/wp-content\/uploads\/2021\/07\/coronavirus-28072021_page-0004.jpg 1241w, \/\/aujourdhui.ma\/wp-content\/uploads\/2021\/07\/coronavirus-28072021_page-0004-212x300.jpg 212w, \/\/aujourdhui.ma\/wp-content\/uploads\/2021\/07\/coronavirus-28072021_page-0004-725x1024.jpg 725w, \/\/aujourdhui.ma\/wp-content\/uploads\/2021\/07\/coronavirus-28072021_page-0004-768x1085.jpg 768w, \/\/aujourdhui.ma\/wp-content\/uploads\/2021\/07\/coronavirus-28072021_page-0004-1087x1536.jpg 1087w\" sizes=\"auto, (max-width: 1241px) 100vw, 1241px\"><\/a> <a href=\"https:\/\/linitiative.ca\/International\/wp-content\/uploads\/sites\/23\/2021\/07\/coronavirus-28072021_page-0005.jpg\"><img decoding=\"async\" loading=\"lazy\" class=\"aligncenter size-full wp-image-382757\" src=\"https:\/\/linitiative.ca\/International\/wp-content\/uploads\/sites\/23\/2021\/07\/coronavirus-28072021_page-0005.jpg\" alt=\"\" width=\"1241\" height=\"1754\" srcset=\"\/\/aujourdhui.ma\/wp-content\/uploads\/2021\/07\/coronavirus-28072021_page-0005.jpg 1241w, \/\/aujourdhui.ma\/wp-content\/uploads\/2021\/07\/coronavirus-28072021_page-0005-212x300.jpg 212w, \/\/aujourdhui.ma\/wp-content\/uploads\/2021\/07\/coronavirus-28072021_page-0005-725x1024.jpg 725w, \/\/aujourdhui.ma\/wp-content\/uploads\/2021\/07\/coronavirus-28072021_page-0005-768x1085.jpg 768w, \/\/aujourdhui.ma\/wp-content\/uploads\/2021\/07\/coronavirus-28072021_page-0005-1087x1536.jpg 1087w\" sizes=\"auto, (max-width: 1241px) 100vw, 1241px\"><\/a> <a href=\"https:\/\/linitiative.ca\/International\/wp-content\/uploads\/sites\/23\/2021\/07\/coronavirus-28072021_page-0006.jpg\"><img decoding=\"async\" loading=\"lazy\" class=\"aligncenter size-full wp-image-382758\" src=\"https:\/\/linitiative.ca\/International\/wp-content\/uploads\/sites\/23\/2021\/07\/coronavirus-28072021_page-0006.jpg\" alt=\"\" width=\"1754\" height=\"1241\" srcset=\"\/\/aujourdhui.ma\/wp-content\/uploads\/2021\/07\/coronavirus-28072021_page-0006.jpg 1754w, \/\/aujourdhui.ma\/wp-content\/uploads\/2021\/07\/coronavirus-28072021_page-0006-300x212.jpg 300w, \/\/aujourdhui.ma\/wp-content\/uploads\/2021\/07\/coronavirus-28072021_page-0006-1024x725.jpg 1024w, \/\/aujourdhui.ma\/wp-content\/uploads\/2021\/07\/coronavirus-28072021_page-0006-768x543.jpg 768w, \/\/aujourdhui.ma\/wp-content\/uploads\/2021\/07\/coronavirus-28072021_page-0006-1536x1087.jpg 1536w\" sizes=\"auto, (max-width: 1754px) 100vw, 1754px\"><\/a><\/p>\n<p>\u00a0<\/p>\n<\/div>\n<p>Auteur: ALM<br \/>\n<a href=\"https:\/\/aujourdhui.ma\/societe\/covid-19-maroc-la-situation-epidemiologique-au-28-juillet-2021-a-16h00\">Cliquez ici pour lire l&rsquo;article depuis sa source.<\/a><\/p>\n","protected":false},"excerpt":{"rendered":"<p>Entre hier \u00e0 16H00 et aujourd\u2019hui \u00e0 16H00 9.428 nouveaux cas soit un cumul de 597.876 cas \u00e0 ce jour. 1.766 gu\u00e9risons soit un cumul de 550.882 \u00e0 ce jour. 27 nouveaux d\u00e9c\u00e8s donc un cumul de 9.665 \u00e0 ce jour. Nombre de personnes vaccin\u00e9es au 28 Juillet 16H00 1\u00e8re dose 12.971.479 2\u00e8me dose 10.015.447 [&hellip;]<\/p>\n","protected":false},"author":1759,"featured_media":0,"comment_status":"closed","ping_status":"closed","sticky":false,"template":"","format":"standard","meta":{"fifu_image_url":"https:\/\/aujourdhui.ma\/wp-content\/uploads\/2021\/02\/maroc-covid-vaccin-300x153.jpg","fifu_image_alt":"Covid-19 \/ Maroc : La situation \u00e9pid\u00e9miologique au 28 juillet 2021 \u00e0 16H00","footnotes":""},"categories":[73,54],"tags":[],"class_list":["post-122586","post","type-post","status-publish","format-standard","hentry","category-actualite","category-maroc"],"_links":{"self":[{"href":"https:\/\/linitiative.ca\/International\/wp-json\/wp\/v2\/posts\/122586","targetHints":{"allow":["GET"]}}],"collection":[{"href":"https:\/\/linitiative.ca\/International\/wp-json\/wp\/v2\/posts"}],"about":[{"href":"https:\/\/linitiative.ca\/International\/wp-json\/wp\/v2\/types\/post"}],"author":[{"embeddable":true,"href":"https:\/\/linitiative.ca\/International\/wp-json\/wp\/v2\/users\/1759"}],"replies":[{"embeddable":true,"href":"https:\/\/linitiative.ca\/International\/wp-json\/wp\/v2\/comments?post=122586"}],"version-history":[{"count":0,"href":"https:\/\/linitiative.ca\/International\/wp-json\/wp\/v2\/posts\/122586\/revisions"}],"wp:attachment":[{"href":"https:\/\/linitiative.ca\/International\/wp-json\/wp\/v2\/media?parent=122586"}],"wp:term":[{"taxonomy":"category","embeddable":true,"href":"https:\/\/linitiative.ca\/International\/wp-json\/wp\/v2\/categories?post=122586"},{"taxonomy":"post_tag","embeddable":true,"href":"https:\/\/linitiative.ca\/International\/wp-json\/wp\/v2\/tags?post=122586"}],"curies":[{"name":"wp","href":"https:\/\/api.w.org\/{rel}","templated":true}]}}