{"id":122594,"date":"2021-07-28T10:27:22","date_gmt":"2021-07-28T14:27:22","guid":{"rendered":"https:\/\/linitiative.ca\/International\/signature-de-deux-accords-de-partenariat-pour-promouvoir-les-droits-des-personnes-en-situation-de-handicap\/"},"modified":"2021-07-28T10:27:22","modified_gmt":"2021-07-28T14:27:22","slug":"signature-de-deux-accords-de-partenariat-pour-promouvoir-les-droits-des-personnes-en-situation-de-handicap","status":"publish","type":"post","link":"https:\/\/linitiative.ca\/International\/signature-de-deux-accords-de-partenariat-pour-promouvoir-les-droits-des-personnes-en-situation-de-handicap\/","title":{"rendered":"Signature de deux accords de partenariat pour promouvoir les droits des personnes en situation de handicap"},"content":{"rendered":"<div>\n<p class=\"has-vivid-cyan-blue-color has-text-color\"><strong>Deux accords de partenariat ont \u00e9t\u00e9 sign\u00e9s, mercredi \u00e0 Rabat, en vue de promouvoir les droits des personnes ayant une d\u00e9ficience visuelle ou auditive, a annonc\u00e9 le minist\u00e8re de la Solidarit\u00e9, du D\u00e9veloppement social, de l\u2019\u00c9galit\u00e9 et de la Famille.<\/strong><\/p>\n<p>Il s\u2019agit d\u2019un accord de partenariat sign\u00e9 avec la Fondation Lalla Asmae pour les enfants sourds, portant sur l\u2019am\u00e9lioration de leurs conditions d\u2019acc\u00e8s aux services m\u00e9dicaux, sociaux et sportifs, quel que soit leur statut \u00e9conomique et social, \u00e0 travers la cr\u00e9ation de deux institutions d\u2019assistance sociale \u00e0 Kasba Tadla et \u00e0 F\u00e8s, dans le but d\u2019accueillir et accompagner les enfants sourds de ces deux villes et de leurs environs, indique un communiqu\u00e9 du minist\u00e8re.<\/p>\n<p>Un accord-cadre de partenariat a \u00e9t\u00e9 \u00e9galement sign\u00e9 avec l\u2019Organisation Alaouite pour la Promotion des Aveugles au Maroc (OAPAM) portant sur le d\u00e9veloppement de programmes d\u2019accompagnement destin\u00e9s aux personnes atteintes de d\u00e9ficience visuelle afin de faciliter leur int\u00e9gration dans la vie scolaire et professionnelle, \u00e0 travers l\u2019augmentation de leur taux de scolarisation au niveau des \u00e9tablissements d\u2019\u00e9ducation inclusive et l\u2019am\u00e9lioration de leur employabilit\u00e9 en leur facilitant l\u2019acc\u00e8s \u00e0 des projets g\u00e9n\u00e9rateurs de revenus et en les accompagnant dans la cr\u00e9ation des petites entreprises, pr\u00e9cise-t-on.<\/p>\n<p>Dans le cadre de cet accord, poursuit le communiqu\u00e9, l\u2019Entraide nationale et l\u2019Agence de D\u00e9veloppement social seront mobilis\u00e9es aux c\u00f4t\u00e9s de l\u2019OAPAM afin de favoriser l\u2019ouverture de ses instituts et centres \u00e9ducatifs sur le monde et d\u2019\u00e9largir les horizons des personnes \u00e0 d\u00e9ficience visuelle.<\/p>\n<p>Il s\u2019agit \u00e9galement, selon la m\u00eame source, de soutenir les capacit\u00e9s techniques et cognitives des ressources humaines exer\u00e7ant au sein des centres sociaux et \u00e9ducatifs relevant de l\u2019OAPAM, tout en mettant en avant les droits de l\u2019Homme ainsi que la dimension sociale dans le domaine du handicap. Les deux accords s\u2019inscrivent dans le cadre de la mise en \u0153uvre des chantiers strat\u00e9giques et des programmes destin\u00e9s aux personnes en situation de handicap \u00e9nonc\u00e9s dans la politique publique int\u00e9gr\u00e9e pour la promotion des droits des personnes en situation de handicap 2015-2021, son plan ex\u00e9cutif (2017-2021), la Vision strat\u00e9gique pour la r\u00e9forme du syst\u00e8me \u00e9ducatif et de formation 2015-2030, la loi-cadre n\u00b0 97-13 relative \u00e0 la protection et \u00e0 la promotion des personnes en situation de handicap, ainsi que dans la loi-cadre n\u00b0 51-17 relative au syst\u00e8me d\u2019\u00e9ducation, de formation et de recherche scientifique, conclut le communiqu\u00e9.<\/p>\n<p>L\u2019article <a rel=\"nofollow\" href=\"http:\/\/albayane.press.ma\/signature-de-deux-accords-de-partenariat-pour-promouvoir-les-droits-des-personnes-en-situation-de-handicap.html\">Signature de deux accords de partenariat pour promouvoir les droits des personnes en situation de handicap<\/a> est apparu en premier sur <a rel=\"nofollow\" href=\"http:\/\/albayane.press.ma\/\">ALBAYANE<\/a>.<\/p>\n<\/div>\n<p>Auteur: M&rsquo;hammed rahal<br \/>\n<a href=\"http:\/\/albayane.press.ma\/signature-de-deux-accords-de-partenariat-pour-promouvoir-les-droits-des-personnes-en-situation-de-handicap.html\">Cliquez ici pour lire l&rsquo;article depuis sa source.<\/a><\/p>\n","protected":false},"excerpt":{"rendered":"<p>Deux accords de partenariat ont \u00e9t\u00e9 sign\u00e9s, mercredi \u00e0 Rabat, en vue de promouvoir les droits des personnes ayant une d\u00e9ficience visuelle ou auditive, a annonc\u00e9 le minist\u00e8re de la Solidarit\u00e9, du D\u00e9veloppement social, de l\u2019\u00c9galit\u00e9 et de la Famille. Il s\u2019agit d\u2019un accord de partenariat sign\u00e9 avec la Fondation Lalla Asmae pour les enfants [&hellip;]<\/p>\n","protected":false},"author":1760,"featured_media":0,"comment_status":"closed","ping_status":"closed","sticky":false,"template":"","format":"standard","meta":{"fifu_image_url":"","fifu_image_alt":"","footnotes":""},"categories":[73,54],"tags":[],"class_list":["post-122594","post","type-post","status-publish","format-standard","hentry","category-actualite","category-maroc"],"_links":{"self":[{"href":"https:\/\/linitiative.ca\/International\/wp-json\/wp\/v2\/posts\/122594","targetHints":{"allow":["GET"]}}],"collection":[{"href":"https:\/\/linitiative.ca\/International\/wp-json\/wp\/v2\/posts"}],"about":[{"href":"https:\/\/linitiative.ca\/International\/wp-json\/wp\/v2\/types\/post"}],"author":[{"embeddable":true,"href":"https:\/\/linitiative.ca\/International\/wp-json\/wp\/v2\/users\/1760"}],"replies":[{"embeddable":true,"href":"https:\/\/linitiative.ca\/International\/wp-json\/wp\/v2\/comments?post=122594"}],"version-history":[{"count":0,"href":"https:\/\/linitiative.ca\/International\/wp-json\/wp\/v2\/posts\/122594\/revisions"}],"wp:attachment":[{"href":"https:\/\/linitiative.ca\/International\/wp-json\/wp\/v2\/media?parent=122594"}],"wp:term":[{"taxonomy":"category","embeddable":true,"href":"https:\/\/linitiative.ca\/International\/wp-json\/wp\/v2\/categories?post=122594"},{"taxonomy":"post_tag","embeddable":true,"href":"https:\/\/linitiative.ca\/International\/wp-json\/wp\/v2\/tags?post=122594"}],"curies":[{"name":"wp","href":"https:\/\/api.w.org\/{rel}","templated":true}]}}