{"id":122604,"date":"2021-07-28T13:13:40","date_gmt":"2021-07-28T17:13:40","guid":{"rendered":"https:\/\/linitiative.ca\/International\/un-pitch-day-pour-selectionner-10-innovateurs-sociaux\/"},"modified":"2021-07-28T13:13:40","modified_gmt":"2021-07-28T17:13:40","slug":"un-pitch-day-pour-selectionner-10-innovateurs-sociaux","status":"publish","type":"post","link":"https:\/\/linitiative.ca\/International\/un-pitch-day-pour-selectionner-10-innovateurs-sociaux\/","title":{"rendered":"Un pitch day pour s\u00e9lectionner 10 innovateurs sociaux"},"content":{"rendered":"<div>\n<div style=\"margin-bottom:20px;\"><img loading=\"lazy\" decoding=\"async\" width=\"750\" height=\"430\" src=\"https:\/\/linitiative.ca\/International\/wp-content\/uploads\/sites\/23\/2021\/07\/safi-ville-1-copier-2.jpg\" class=\"attachment-post-thumbnail size-post-thumbnail wp-post-image\" alt=\"\" srcset=\"https:\/\/linitiative.ca\/International\/wp-content\/uploads\/sites\/23\/2021\/07\/safi-ville-1-copier-2.jpg 750w, http:\/\/www.mapmarrakech.ma\/map\/uploads\/2021\/07\/safi-ville-1-copier-2-300x172.jpg 300w\" sizes=\"auto, (max-width: 750px) 100vw, 750px\"><\/div>\n<p>Les candidats ont ainsi proc\u00e9d\u00e9 \u00e0 la pr\u00e9sentation de leurs projets pour convaincre un jury compos\u00e9 d\u2019experts et d\u2019op\u00e9rateurs \u00e9conomiques et acteurs associatifs.<\/p>\n<p>Les porteurs de projets s\u00e9lectionn\u00e9s b\u00e9n\u00e9ficieront d\u2019un accompagnement financier soit pour d\u00e9velopper leurs prototypes ou pour acc\u00e9l\u00e9rer l\u2019impl\u00e9mentation de leurs projets.<\/p>\n<p>Ils b\u00e9n\u00e9ficieront \u00e9galement de bootcamps de formation en innovation sociale qui sont un tremplin pour les outiller avec les derni\u00e8res m\u00e9thodes de lev\u00e9e des fonds, de gestion de crise, d\u2019empathie, de design thinking et de critical thinking, ainsi qu\u2019une formation pr\u00e9 et post-cr\u00e9ation d\u2019entreprise, dont le contenu sera ax\u00e9 sur l\u2019acquisition des comp\u00e9tences en management et en finances qui permettent la r\u00e9ussite et la p\u00e9rennit\u00e9 de toute structure \u00e9conomique \u00e0 vocation sociale.<\/p>\n<p>Les porteurs de projets auront aussi un acc\u00e8s gratuit \u00e0 l\u2019ensemble des \u00e9v\u00e9nements organis\u00e9s par la Fondation Abdelkader Bensalah afin de d\u00e9velopper leurs relations partenariales et des opportunit\u00e9s d\u2019affaires.<\/p>\n<p>Port\u00e9 par la Fondation Abdelkader ben Salah, Dar-Libtikar est un programme complet d\u2019accompagnement d\u00e9di\u00e9 \u00e0 la r\u00e9ussite des innovateurs sociaux en leur\u00a0offrant le soutien technique et\/ou financier dans un parcours d\u2019accompagnement allant jusqu\u2019\u00e0 12 mois et permettant d\u2019\u00e9largir leur impact social.<\/p>\n<p>De plus, la Fondation peut \u00e9galement fournir les ressources financi\u00e8res et logistiques n\u00e9cessaires afin que les porteurs de projets puissent tester leurs id\u00e9es et d\u00e9velopper des solutions g\u00e9n\u00e9ratrices d\u2019impact social.<\/p>\n<p>Dar-Libtikar propose ainsi un parcours de 12 mois, durant lequel les porteurs de projets suivent des formations, qui leur permettent d\u2019\u00eatre encadr\u00e9s par des experts praticiens et d\u2019enrichir leur r\u00e9seau.<\/p>\n<p>Cr\u00e9\u00e9e en juillet 2000, la Fondation Abdelkader ben Salah, reconnue d\u2019utilit\u00e9 publique depuis 2016, accompagne de nombreux projets \u00e0 travers le Royaume pour lutter contre la marginalisation et la pauvret\u00e9, dans le sillage de l\u2019Initiative Nationale pour le D\u00e9veloppement Humain (INDH), lanc\u00e9e par Sa Majest\u00e9 le Roi Mohammed VI.<\/p>\n<p>Aujourd\u2019hui, 20 ans apr\u00e8s sa naissance, la Fondation fait \u00e9voluer sa d\u00e9marche et s\u2019engage r\u00e9solument pour l\u2019innovation sociale.<\/p>\n<p>Depuis sa cr\u00e9ation, la Fondation d\u00e9die son engagement aux plus d\u00e9munis, \u00e0 travers des actions sociales et soci\u00e9tales, notamment dans le monde rural.<\/p>\n<p>The post <a rel=\"nofollow\" href=\"http:\/\/www.mapmarrakech.ma\/fr\/un-pitch-day-pour-selectionner-10-innovateurs-sociaux\/\">Un pitch day pour s\u00e9lectionner 10 innovateurs sociaux<\/a> appeared first on <a rel=\"nofollow\" href=\"http:\/\/www.mapmarrakech.ma\/fr\">MapMarrakech<\/a>.<\/p>\n<\/div>\n<p>Auteur: Meriem IGASS<br \/>\n<a href=\"http:\/\/www.mapmarrakech.ma\/fr\/un-pitch-day-pour-selectionner-10-innovateurs-sociaux\/\">Cliquez ici pour lire l&rsquo;article depuis sa source.<\/a><\/p>\n","protected":false},"excerpt":{"rendered":"<p>Les candidats ont ainsi proc\u00e9d\u00e9 \u00e0 la pr\u00e9sentation de leurs projets pour convaincre un jury compos\u00e9 d\u2019experts et d\u2019op\u00e9rateurs \u00e9conomiques et acteurs associatifs. Les porteurs de projets s\u00e9lectionn\u00e9s b\u00e9n\u00e9ficieront d\u2019un accompagnement financier soit pour d\u00e9velopper leurs prototypes ou pour acc\u00e9l\u00e9rer l\u2019impl\u00e9mentation de leurs projets. Ils b\u00e9n\u00e9ficieront \u00e9galement de bootcamps de formation en innovation sociale qui [&hellip;]<\/p>\n","protected":false},"author":1788,"featured_media":0,"comment_status":"closed","ping_status":"closed","sticky":false,"template":"","format":"standard","meta":{"fifu_image_url":"http:\/\/www.mapmarrakech.ma\/map\/uploads\/2021\/07\/safi-ville-1-copier-2.jpg","fifu_image_alt":"Un pitch day pour s\u00e9lectionner 10 innovateurs sociaux","footnotes":""},"categories":[54,76],"tags":[],"class_list":["post-122604","post","type-post","status-publish","format-standard","hentry","category-maroc","category-regions"],"_links":{"self":[{"href":"https:\/\/linitiative.ca\/International\/wp-json\/wp\/v2\/posts\/122604","targetHints":{"allow":["GET"]}}],"collection":[{"href":"https:\/\/linitiative.ca\/International\/wp-json\/wp\/v2\/posts"}],"about":[{"href":"https:\/\/linitiative.ca\/International\/wp-json\/wp\/v2\/types\/post"}],"author":[{"embeddable":true,"href":"https:\/\/linitiative.ca\/International\/wp-json\/wp\/v2\/users\/1788"}],"replies":[{"embeddable":true,"href":"https:\/\/linitiative.ca\/International\/wp-json\/wp\/v2\/comments?post=122604"}],"version-history":[{"count":0,"href":"https:\/\/linitiative.ca\/International\/wp-json\/wp\/v2\/posts\/122604\/revisions"}],"wp:attachment":[{"href":"https:\/\/linitiative.ca\/International\/wp-json\/wp\/v2\/media?parent=122604"}],"wp:term":[{"taxonomy":"category","embeddable":true,"href":"https:\/\/linitiative.ca\/International\/wp-json\/wp\/v2\/categories?post=122604"},{"taxonomy":"post_tag","embeddable":true,"href":"https:\/\/linitiative.ca\/International\/wp-json\/wp\/v2\/tags?post=122604"}],"curies":[{"name":"wp","href":"https:\/\/api.w.org\/{rel}","templated":true}]}}