{"id":122606,"date":"2021-07-28T13:30:32","date_gmt":"2021-07-28T17:30:32","guid":{"rendered":"https:\/\/linitiative.ca\/International\/9-428-cas-plus-de-10-millions-personnes-completement-vaccinees\/"},"modified":"2021-07-28T13:30:32","modified_gmt":"2021-07-28T17:30:32","slug":"9-428-cas-plus-de-10-millions-personnes-completement-vaccinees","status":"publish","type":"post","link":"https:\/\/linitiative.ca\/International\/9-428-cas-plus-de-10-millions-personnes-completement-vaccinees\/","title":{"rendered":"9.428 cas, plus de 10 millions personnes compl\u00e8tement vaccin\u00e9es"},"content":{"rendered":"<div>\n<div style=\"margin-bottom:20px;\"><img loading=\"lazy\" decoding=\"async\" width=\"750\" height=\"430\" src=\"https:\/\/linitiative.ca\/International\/wp-content\/uploads\/sites\/23\/2021\/07\/bilan-fr-13.jpg\" class=\"attachment-post-thumbnail size-post-thumbnail wp-post-image\" alt=\"\" srcset=\"https:\/\/linitiative.ca\/International\/wp-content\/uploads\/sites\/23\/2021\/07\/bilan-fr-13.jpg 750w, http:\/\/www.mapmarrakech.ma\/map\/uploads\/2021\/07\/bilan-fr-13-300x172.jpg 300w\" sizes=\"auto, (max-width: 750px) 100vw, 750px\"><\/div>\n<p align=\"justify\">Le nombre de primo-vaccin\u00e9s est de 12.971.479, alors que celui des personnes compl\u00e8tement vaccin\u00e9es (1\u00e8re et 2\u00e8me doses) s\u2019\u00e9l\u00e8ve \u00e0 10.015.447, a pr\u00e9cis\u00e9 le minist\u00e8re dans son bulletin quotidien sur la situation de Covid-19.<\/p>\n<p align=\"justify\">Le nouveau bilan porte \u00e0 597.876\u00a0le nombre total des contaminations depuis le premier cas signal\u00e9 au Maroc en mars 2020. Le nombre des personnes r\u00e9tablies est pass\u00e9 \u00e0 550.882, soit un taux de gu\u00e9rison de 92,1%.<\/p>\n<p align=\"justify\">Quant aux d\u00e9c\u00e8s, leur nombre total est pass\u00e9 \u00e0 9.665 (l\u00e9talit\u00e9 1,6%), avec 27\u00a0nouveaux cas enregistr\u00e9s dans les r\u00e9gions de Rabat-Sal\u00e9-Kenitra (6), Souss-Massa (6), Marrakech-Safi (4), F\u00e8s-Mekn\u00e8s (3),\u00a0Tanger-T\u00e9touan-Al Hoceima (3), Casablanca-Settat (2), Beni Mellal-Kh\u00e9nifra (1), Dr\u00e2a-Tafilalet (1) et Guelmim-Oued Noun (1).<\/p>\n<p align=\"justify\">Les nouvelles contaminations ont \u00e9t\u00e9 recens\u00e9es dans les r\u00e9gions de Casablanca-Settat (3.580), Rabat-Sal\u00e9-Kenitra (1.442), Marrakech-Safi (1.285), Souss-Massa (944), Tanger-T\u00e9touan-Al Hoceima (624), Beni Mellal-Kh\u00e9nifra (453), Dr\u00e2a-Tafilalet (345), l\u2019Oriental (233), Guelmim-Oued Noun (202), La\u00e2youne-Sakia El Hamra (143), F\u00e8s-Mekn\u00e8s (135) et Dakhla-Oued Eddahab (42).<\/p>\n<p align=\"justify\">Les cas actifs sont au nombre de 37.329, tandis que les cas s\u00e9v\u00e8res ou critiques ont atteint 810, dont 23 plac\u00e9s sous intubation.<\/p>\n<p>The post <a rel=\"nofollow\" href=\"http:\/\/www.mapmarrakech.ma\/fr\/9-428-cas-plus-de-10-millions-personnes-completement-vaccinees\/\">9.428 cas, plus de 10 millions personnes compl\u00e8tement vaccin\u00e9es<\/a> appeared first on <a rel=\"nofollow\" href=\"http:\/\/www.mapmarrakech.ma\/fr\">MapMarrakech<\/a>.<\/p>\n<\/div>\n<p>Auteur: Meriem IGASS<br \/>\n<a href=\"http:\/\/www.mapmarrakech.ma\/fr\/9-428-cas-plus-de-10-millions-personnes-completement-vaccinees\/\">Cliquez ici pour lire l&rsquo;article depuis sa source.<\/a><\/p>\n","protected":false},"excerpt":{"rendered":"<p>Le nombre de primo-vaccin\u00e9s est de 12.971.479, alors que celui des personnes compl\u00e8tement vaccin\u00e9es (1\u00e8re et 2\u00e8me doses) s\u2019\u00e9l\u00e8ve \u00e0 10.015.447, a pr\u00e9cis\u00e9 le minist\u00e8re dans son bulletin quotidien sur la situation de Covid-19. Le nouveau bilan porte \u00e0 597.876\u00a0le nombre total des contaminations depuis le premier cas signal\u00e9 au Maroc en mars 2020. Le [&hellip;]<\/p>\n","protected":false},"author":1788,"featured_media":0,"comment_status":"closed","ping_status":"closed","sticky":false,"template":"","format":"standard","meta":{"fifu_image_url":"http:\/\/www.mapmarrakech.ma\/map\/uploads\/2021\/07\/bilan-fr-13.jpg","fifu_image_alt":"9.428 cas, plus de 10 millions personnes compl\u00e8tement vaccin\u00e9es","footnotes":""},"categories":[54,76],"tags":[],"class_list":["post-122606","post","type-post","status-publish","format-standard","hentry","category-maroc","category-regions"],"_links":{"self":[{"href":"https:\/\/linitiative.ca\/International\/wp-json\/wp\/v2\/posts\/122606","targetHints":{"allow":["GET"]}}],"collection":[{"href":"https:\/\/linitiative.ca\/International\/wp-json\/wp\/v2\/posts"}],"about":[{"href":"https:\/\/linitiative.ca\/International\/wp-json\/wp\/v2\/types\/post"}],"author":[{"embeddable":true,"href":"https:\/\/linitiative.ca\/International\/wp-json\/wp\/v2\/users\/1788"}],"replies":[{"embeddable":true,"href":"https:\/\/linitiative.ca\/International\/wp-json\/wp\/v2\/comments?post=122606"}],"version-history":[{"count":0,"href":"https:\/\/linitiative.ca\/International\/wp-json\/wp\/v2\/posts\/122606\/revisions"}],"wp:attachment":[{"href":"https:\/\/linitiative.ca\/International\/wp-json\/wp\/v2\/media?parent=122606"}],"wp:term":[{"taxonomy":"category","embeddable":true,"href":"https:\/\/linitiative.ca\/International\/wp-json\/wp\/v2\/categories?post=122606"},{"taxonomy":"post_tag","embeddable":true,"href":"https:\/\/linitiative.ca\/International\/wp-json\/wp\/v2\/tags?post=122606"}],"curies":[{"name":"wp","href":"https:\/\/api.w.org\/{rel}","templated":true}]}}