{"id":122608,"date":"2021-07-28T13:49:51","date_gmt":"2021-07-28T17:49:51","guid":{"rendered":"https:\/\/linitiative.ca\/International\/la-cndp-et-imanor-sallient-pour-la-marocanisation-des-normes\/"},"modified":"2021-07-28T13:49:51","modified_gmt":"2021-07-28T17:49:51","slug":"la-cndp-et-imanor-sallient-pour-la-marocanisation-des-normes","status":"publish","type":"post","link":"https:\/\/linitiative.ca\/International\/la-cndp-et-imanor-sallient-pour-la-marocanisation-des-normes\/","title":{"rendered":"La CNDP et IMANOR s\u2019allient pour la \u00ab\u00a0marocanisation\u00a0\u00bb des normes"},"content":{"rendered":"<div>\n<div style=\"margin-bottom:20px;\"><img loading=\"lazy\" decoding=\"async\" width=\"750\" height=\"430\" src=\"https:\/\/linitiative.ca\/International\/wp-content\/uploads\/sites\/23\/2021\/07\/donnC3A9es-copier-1.jpg\" class=\"attachment-post-thumbnail size-post-thumbnail wp-post-image\" alt=\"\" srcset=\"https:\/\/linitiative.ca\/International\/wp-content\/uploads\/sites\/23\/2021\/07\/donnC3A9es-copier-1.jpg 750w, http:\/\/www.mapmarrakech.ma\/map\/uploads\/2021\/07\/donn\u00e9es-copier-1-300x172.jpg 300w\" sizes=\"auto, (max-width: 750px) 100vw, 750px\"><\/div>\n<p>Paraph\u00e9e par Omar Seghrouchni, pr\u00e9sident de la CNDP, et Abderrahim Taibi, directeur d\u2019IMANOR, cette convention, qui s\u2019\u00e9tale sur quatre ans renouvelables, vise \u00e0 s\u2019aligner sur les normes internationales en mati\u00e8re de protection des donn\u00e9es personnelles et ce, par la formation d\u2019acteurs marocains sp\u00e9cialis\u00e9s dans la perspective de la mise au point de normes nationales.<\/p>\n<p>Le partenariat porte sur un processus de \u00ab\u00a0marocanisation\u00a0\u00bb des normes internationales, en particulier ISO 27.001 et sp\u00e9cifiquement ISO 27.701, pour les mettre \u00e0 disposition des entreprises marocaines dans l\u2019\u00e9cosyst\u00e8me normatif national, tout en gardant toutes les passerelles avec les dispositifs internationaux, a expliqu\u00e9 M. Seghrouchni.<\/p>\n<p>A cet \u00e9gard, il a mis l\u2019accent sur la formation des \u00e9quipes en charge de la protection des donn\u00e9es personnelles au sein des entreprises et des administrations, notamment avec l\u2019\u00e9mergence du m\u00e9tier du D\u00e9l\u00e9gu\u00e9 \u00e0 la protection des donn\u00e9es (DPO).<\/p>\n<p>\u00ab\u00a0Il existe un nouveau m\u00e9tier en \u00e9mergence \u00e0 l\u2019\u00e9chelle internationale connu sous le nom de DPO-Data Protection Officer (D\u00e9l\u00e9gu\u00e9 \u00e0 la protection des donn\u00e9es) et la CNDP compte accompagner les entreprises et administrations pour former des DPO en leur sein\u00a0\u00bb a d\u00e9clar\u00e9 M. Seghrouchni \u00e0 la cha\u00eene d\u2019information \u00ab\u00a0M24\u00a0\u00bb.<\/p>\n<p>De son c\u00f4t\u00e9, M. Taibi a soulign\u00e9 que cette convention vise \u00e0 mettre les normes et les certifications au service de la mise en \u0153uvre de la r\u00e8glementation relative \u00e0 la protection des donn\u00e9es personnelles.<\/p>\n<p>\u00ab\u00a0La convention pr\u00e9voit des dispositions qui permettront d\u2019\u00e9laborer des r\u00e9f\u00e9rentiels qui aideront les organismes et les op\u00e9rateurs qui sont assujettis \u00e0 cette l\u00e9gislation \u00e0 mettre en place des processus qui seront par la suite certifi\u00e9s conform\u00e9ment aux normes internationales\u00a0\u00bb, a-t-il dit, ajoutant qu\u2019elle pr\u00e9voit aussi des formations et l\u2019assistance des op\u00e9rateurs pour pouvoir ma\u00eetriser les diff\u00e9rents aspects normatif et les standards de qualit\u00e9.<\/p>\n<p>L\u2019objectif final de ce partenariat, a-t-il relev\u00e9, est d\u2019assurer la protection des donn\u00e9es personnelles, la s\u00e9curit\u00e9 de l\u2019information et la maitrise des intervenants dans l\u2019infog\u00e9rance, en transposant toutes les bonnes pratiques internationales pour les mettre en \u0153uvre au Maroc.<\/p>\n<p>The post <a rel=\"nofollow\" href=\"http:\/\/www.mapmarrakech.ma\/fr\/la-cndp-et-imanor-sallient-pour-la-marocanisation-des-normes\/\">La CNDP et IMANOR s\u2019allient pour la \u00ab\u00a0marocanisation\u00a0\u00bb des normes<\/a> appeared first on <a rel=\"nofollow\" href=\"http:\/\/www.mapmarrakech.ma\/fr\">MapMarrakech<\/a>.<\/p>\n<\/div>\n<p>Auteur: Meriem IGASS<br \/>\n<a href=\"http:\/\/www.mapmarrakech.ma\/fr\/la-cndp-et-imanor-sallient-pour-la-marocanisation-des-normes\/\">Cliquez ici pour lire l&rsquo;article depuis sa source.<\/a><\/p>\n","protected":false},"excerpt":{"rendered":"<p>Paraph\u00e9e par Omar Seghrouchni, pr\u00e9sident de la CNDP, et Abderrahim Taibi, directeur d\u2019IMANOR, cette convention, qui s\u2019\u00e9tale sur quatre ans renouvelables, vise \u00e0 s\u2019aligner sur les normes internationales en mati\u00e8re de protection des donn\u00e9es personnelles et ce, par la formation d\u2019acteurs marocains sp\u00e9cialis\u00e9s dans la perspective de la mise au point de normes nationales. Le [&hellip;]<\/p>\n","protected":false},"author":1788,"featured_media":0,"comment_status":"closed","ping_status":"closed","sticky":false,"template":"","format":"standard","meta":{"fifu_image_url":"http:\/\/www.mapmarrakech.ma\/map\/uploads\/2021\/07\/donn\u00e9es-copier-1.jpg","fifu_image_alt":"La CNDP et IMANOR s\u2019allient pour la \u00ab\u00a0marocanisation\u00a0\u00bb des normes","footnotes":""},"categories":[54,76],"tags":[],"class_list":["post-122608","post","type-post","status-publish","format-standard","hentry","category-maroc","category-regions"],"_links":{"self":[{"href":"https:\/\/linitiative.ca\/International\/wp-json\/wp\/v2\/posts\/122608","targetHints":{"allow":["GET"]}}],"collection":[{"href":"https:\/\/linitiative.ca\/International\/wp-json\/wp\/v2\/posts"}],"about":[{"href":"https:\/\/linitiative.ca\/International\/wp-json\/wp\/v2\/types\/post"}],"author":[{"embeddable":true,"href":"https:\/\/linitiative.ca\/International\/wp-json\/wp\/v2\/users\/1788"}],"replies":[{"embeddable":true,"href":"https:\/\/linitiative.ca\/International\/wp-json\/wp\/v2\/comments?post=122608"}],"version-history":[{"count":0,"href":"https:\/\/linitiative.ca\/International\/wp-json\/wp\/v2\/posts\/122608\/revisions"}],"wp:attachment":[{"href":"https:\/\/linitiative.ca\/International\/wp-json\/wp\/v2\/media?parent=122608"}],"wp:term":[{"taxonomy":"category","embeddable":true,"href":"https:\/\/linitiative.ca\/International\/wp-json\/wp\/v2\/categories?post=122608"},{"taxonomy":"post_tag","embeddable":true,"href":"https:\/\/linitiative.ca\/International\/wp-json\/wp\/v2\/tags?post=122608"}],"curies":[{"name":"wp","href":"https:\/\/api.w.org\/{rel}","templated":true}]}}