{"id":122612,"date":"2021-07-28T10:10:25","date_gmt":"2021-07-28T14:10:25","guid":{"rendered":"https:\/\/linitiative.ca\/International\/canaries-le-nombre-de-migrants-a-plus-que-double\/"},"modified":"2021-07-28T10:10:25","modified_gmt":"2021-07-28T14:10:25","slug":"canaries-le-nombre-de-migrants-a-plus-que-double","status":"publish","type":"post","link":"https:\/\/linitiative.ca\/International\/canaries-le-nombre-de-migrants-a-plus-que-double\/","title":{"rendered":"Canaries: Le nombre de migrants a plus que doubl\u00e9"},"content":{"rendered":"<div>\n<div class=\"field field-name-body field-type-text-with-summary field-label-hidden\">\n<div class=\"field-items\">\n<div class=\"field-item even\" property=\"content:encoded\">\n<p class=\"rtejustify\">Les \u00eeles Canaries ont accueilli, depuis le d\u00e9but de l\u2019ann\u00e9e, 7.263 migrants ill\u00e9gaux, soit une augmentation de 159% compar\u00e9 \u00e0 la m\u00eame p\u00e9riode de l\u2019ann\u00e9e derni\u00e8re.<\/p>\n<p class=\"rtejustify\">Selon les chiffres d\u00e9voil\u00e9s par les autorit\u00e9s, le nombre de migrants entr\u00e9s en Espagne, entre le 1er janvier 2021 et le 15 juillet de cette ann\u00e9e, s\u2019\u00e9l\u00e8ve \u00e0 14.737 personnes. Ce chiffre conna\u00eet une hausse de 63,2 % par rapport aux 9 031 immigrants arriv\u00e9s au cours de la m\u00eame p\u00e9riode de 2020. Les arriv\u00e9es par voies maritimes ont explos\u00e9 cette ann\u00e9e.<\/p>\n<\/div>\n<\/div>\n<\/div>\n<\/div>\n<p>Auteur: mbasraoui<br \/>\n<a href=\"https:\/\/www.leconomiste.com\/flash-infos\/canaries-le-nombre-de-migrants-plus-que-double\">Cliquez ici pour lire l&rsquo;article depuis sa source.<\/a><\/p>\n","protected":false},"excerpt":{"rendered":"<p>Les \u00eeles Canaries ont accueilli, depuis le d\u00e9but de l\u2019ann\u00e9e, 7.263 migrants ill\u00e9gaux, soit une augmentation de 159% compar\u00e9 \u00e0 la m\u00eame p\u00e9riode de l\u2019ann\u00e9e derni\u00e8re. Selon les chiffres d\u00e9voil\u00e9s par les autorit\u00e9s, le nombre de migrants entr\u00e9s en Espagne, entre le 1er janvier 2021 et le 15 juillet de cette ann\u00e9e, s\u2019\u00e9l\u00e8ve \u00e0 14.737 [&hellip;]<\/p>\n","protected":false},"author":1763,"featured_media":0,"comment_status":"closed","ping_status":"closed","sticky":false,"template":"","format":"standard","meta":{"fifu_image_url":"","fifu_image_alt":"","footnotes":""},"categories":[78,54],"tags":[],"class_list":["post-122612","post","type-post","status-publish","format-standard","hentry","category-economie","category-maroc"],"_links":{"self":[{"href":"https:\/\/linitiative.ca\/International\/wp-json\/wp\/v2\/posts\/122612","targetHints":{"allow":["GET"]}}],"collection":[{"href":"https:\/\/linitiative.ca\/International\/wp-json\/wp\/v2\/posts"}],"about":[{"href":"https:\/\/linitiative.ca\/International\/wp-json\/wp\/v2\/types\/post"}],"author":[{"embeddable":true,"href":"https:\/\/linitiative.ca\/International\/wp-json\/wp\/v2\/users\/1763"}],"replies":[{"embeddable":true,"href":"https:\/\/linitiative.ca\/International\/wp-json\/wp\/v2\/comments?post=122612"}],"version-history":[{"count":0,"href":"https:\/\/linitiative.ca\/International\/wp-json\/wp\/v2\/posts\/122612\/revisions"}],"wp:attachment":[{"href":"https:\/\/linitiative.ca\/International\/wp-json\/wp\/v2\/media?parent=122612"}],"wp:term":[{"taxonomy":"category","embeddable":true,"href":"https:\/\/linitiative.ca\/International\/wp-json\/wp\/v2\/categories?post=122612"},{"taxonomy":"post_tag","embeddable":true,"href":"https:\/\/linitiative.ca\/International\/wp-json\/wp\/v2\/tags?post=122612"}],"curies":[{"name":"wp","href":"https:\/\/api.w.org\/{rel}","templated":true}]}}