{"id":122613,"date":"2021-07-28T10:12:00","date_gmt":"2021-07-28T14:12:00","guid":{"rendered":"https:\/\/linitiative.ca\/International\/grece-un-marocain-recherche-par-rabat-arrete\/"},"modified":"2021-07-28T10:12:00","modified_gmt":"2021-07-28T14:12:00","slug":"grece-un-marocain-recherche-par-rabat-arrete","status":"publish","type":"post","link":"https:\/\/linitiative.ca\/International\/grece-un-marocain-recherche-par-rabat-arrete\/","title":{"rendered":"Gr\u00e8ce: Un Marocain recherch\u00e9 par Rabat arr\u00eat\u00e9"},"content":{"rendered":"<div>\n<div class=\"field field-name-body field-type-text-with-summary field-label-hidden\">\n<div class=\"field-items\">\n<div class=\"field-item even\" property=\"content:encoded\">\n<p class=\"rtejustify\">Un Marocain de 28 ans a comparu mercredi devant un tribunal de la ville grecque de Thessalonique pour une audience pr\u00e9liminaire apr\u00e8s avoir \u00e9t\u00e9 arr\u00eat\u00e9, soup\u00e7onn\u00e9 d\u2019\u00eatre membre de Daech.<\/p>\n<\/div>\n<\/div>\n<\/div>\n<\/div>\n<p>Auteur: mbasraoui<br \/>\n<a href=\"https:\/\/www.leconomiste.com\/flash-infos\/grece-un-marocain-recherche-par-rabat-arrete\">Cliquez ici pour lire l&rsquo;article depuis sa source.<\/a><\/p>\n","protected":false},"excerpt":{"rendered":"<p>Un Marocain de 28 ans a comparu mercredi devant un tribunal de la ville grecque de Thessalonique pour une audience pr\u00e9liminaire apr\u00e8s avoir \u00e9t\u00e9 arr\u00eat\u00e9, soup\u00e7onn\u00e9 d\u2019\u00eatre membre de Daech. Auteur: mbasraoui Cliquez ici pour lire l&rsquo;article depuis sa source.<\/p>\n","protected":false},"author":1763,"featured_media":0,"comment_status":"closed","ping_status":"closed","sticky":false,"template":"","format":"standard","meta":{"fifu_image_url":"","fifu_image_alt":"","footnotes":""},"categories":[78,54],"tags":[],"class_list":["post-122613","post","type-post","status-publish","format-standard","hentry","category-economie","category-maroc"],"_links":{"self":[{"href":"https:\/\/linitiative.ca\/International\/wp-json\/wp\/v2\/posts\/122613","targetHints":{"allow":["GET"]}}],"collection":[{"href":"https:\/\/linitiative.ca\/International\/wp-json\/wp\/v2\/posts"}],"about":[{"href":"https:\/\/linitiative.ca\/International\/wp-json\/wp\/v2\/types\/post"}],"author":[{"embeddable":true,"href":"https:\/\/linitiative.ca\/International\/wp-json\/wp\/v2\/users\/1763"}],"replies":[{"embeddable":true,"href":"https:\/\/linitiative.ca\/International\/wp-json\/wp\/v2\/comments?post=122613"}],"version-history":[{"count":0,"href":"https:\/\/linitiative.ca\/International\/wp-json\/wp\/v2\/posts\/122613\/revisions"}],"wp:attachment":[{"href":"https:\/\/linitiative.ca\/International\/wp-json\/wp\/v2\/media?parent=122613"}],"wp:term":[{"taxonomy":"category","embeddable":true,"href":"https:\/\/linitiative.ca\/International\/wp-json\/wp\/v2\/categories?post=122613"},{"taxonomy":"post_tag","embeddable":true,"href":"https:\/\/linitiative.ca\/International\/wp-json\/wp\/v2\/tags?post=122613"}],"curies":[{"name":"wp","href":"https:\/\/api.w.org\/{rel}","templated":true}]}}