{"id":122615,"date":"2021-07-28T10:29:00","date_gmt":"2021-07-28T14:29:00","guid":{"rendered":"https:\/\/linitiative.ca\/International\/rachida-dati-inculpee-pour-corruption-passive\/"},"modified":"2021-07-28T10:29:00","modified_gmt":"2021-07-28T14:29:00","slug":"rachida-dati-inculpee-pour-corruption-passive","status":"publish","type":"post","link":"https:\/\/linitiative.ca\/International\/rachida-dati-inculpee-pour-corruption-passive\/","title":{"rendered":"Rachida Dati inculp\u00e9e pour \u00ab\u00a0corruption passive\u00a0\u00bb"},"content":{"rendered":"<div>\n<div class=\"field field-name-body field-type-text-with-summary field-label-hidden\">\n<div class=\"field-items\">\n<div class=\"field-item even\" property=\"content:encoded\">\n<p class=\"rtejustify\">L&rsquo;ex-ministre de la Justice de Nicolas Sarkozy, Rachida Dati a \u00e9t\u00e9 inculp\u00e9e pour \u00ab\u00a0corruption passive\u00a0\u00bb et \u00ab\u00a0recel d&rsquo;abus de pouvoir\u00a0\u00bb dans l&rsquo;enqu\u00eate sur ses prestations de conseil aupr\u00e8s de l&rsquo;ex-PDG de l&rsquo;alliance Renault-Nissan Carlos Ghosn alors qu&rsquo;elle \u00e9tait d\u00e9put\u00e9e europ\u00e9enne, a indiqu\u00e9 mardi le parquet national financier.<\/p>\n<\/div>\n<\/div>\n<\/div>\n<\/div>\n<p>Auteur: mbasraoui<br \/>\n<a href=\"https:\/\/www.leconomiste.com\/flash-infos\/rachida-dati-inculpee-pour-corruption-passive\">Cliquez ici pour lire l&rsquo;article depuis sa source.<\/a><\/p>\n","protected":false},"excerpt":{"rendered":"<p>L&rsquo;ex-ministre de la Justice de Nicolas Sarkozy, Rachida Dati a \u00e9t\u00e9 inculp\u00e9e pour \u00ab\u00a0corruption passive\u00a0\u00bb et \u00ab\u00a0recel d&rsquo;abus de pouvoir\u00a0\u00bb dans l&rsquo;enqu\u00eate sur ses prestations de conseil aupr\u00e8s de l&rsquo;ex-PDG de l&rsquo;alliance Renault-Nissan Carlos Ghosn alors qu&rsquo;elle \u00e9tait d\u00e9put\u00e9e europ\u00e9enne, a indiqu\u00e9 mardi le parquet national financier. Auteur: mbasraoui Cliquez ici pour lire l&rsquo;article depuis [&hellip;]<\/p>\n","protected":false},"author":1763,"featured_media":0,"comment_status":"closed","ping_status":"closed","sticky":false,"template":"","format":"standard","meta":{"fifu_image_url":"","fifu_image_alt":"","footnotes":""},"categories":[78,54],"tags":[],"class_list":["post-122615","post","type-post","status-publish","format-standard","hentry","category-economie","category-maroc"],"_links":{"self":[{"href":"https:\/\/linitiative.ca\/International\/wp-json\/wp\/v2\/posts\/122615","targetHints":{"allow":["GET"]}}],"collection":[{"href":"https:\/\/linitiative.ca\/International\/wp-json\/wp\/v2\/posts"}],"about":[{"href":"https:\/\/linitiative.ca\/International\/wp-json\/wp\/v2\/types\/post"}],"author":[{"embeddable":true,"href":"https:\/\/linitiative.ca\/International\/wp-json\/wp\/v2\/users\/1763"}],"replies":[{"embeddable":true,"href":"https:\/\/linitiative.ca\/International\/wp-json\/wp\/v2\/comments?post=122615"}],"version-history":[{"count":0,"href":"https:\/\/linitiative.ca\/International\/wp-json\/wp\/v2\/posts\/122615\/revisions"}],"wp:attachment":[{"href":"https:\/\/linitiative.ca\/International\/wp-json\/wp\/v2\/media?parent=122615"}],"wp:term":[{"taxonomy":"category","embeddable":true,"href":"https:\/\/linitiative.ca\/International\/wp-json\/wp\/v2\/categories?post=122615"},{"taxonomy":"post_tag","embeddable":true,"href":"https:\/\/linitiative.ca\/International\/wp-json\/wp\/v2\/tags?post=122615"}],"curies":[{"name":"wp","href":"https:\/\/api.w.org\/{rel}","templated":true}]}}