{"id":122617,"date":"2021-07-28T09:08:00","date_gmt":"2021-07-28T13:08:00","guid":{"rendered":"https:\/\/linitiative.ca\/International\/jo-2020-natation-dames-melih-eliminee-dans-les-series\/"},"modified":"2021-07-28T09:08:00","modified_gmt":"2021-07-28T13:08:00","slug":"jo-2020-natation-dames-melih-eliminee-dans-les-series","status":"publish","type":"post","link":"https:\/\/linitiative.ca\/International\/jo-2020-natation-dames-melih-eliminee-dans-les-series\/","title":{"rendered":"JO-2020\/Natation (dames): Melih \u00e9limin\u00e9e dans les s\u00e9ries"},"content":{"rendered":"<div>L&rsquo;\u00e9limination de Melih s&rsquo;ajoute \u00e0 celle d&rsquo;Oussama Sahnoune&#8230;<img loading=\"lazy\" decoding=\"async\" src=\"http:\/\/feeds.feedburner.com\/~r\/GalerieFArtciles\/~4\/6s0tzO91peA\" height=\"1\" width=\"1\" alt=\"\"><\/div>\n<p>Auteur:<br \/>\n<a href=\"http:\/\/www.lebuteur.com\/article\/detail?titre=jo-2020-natation-dames-melih-eliminee-dans-les-series&#038;id=100719&#038;utm_source=feedburner&#038;utm_medium=feed&#038;utm_campaign=Feed%3A+GalerieFArtciles+%28Les+derniers+articles++-+lebuteur.com%29\">Cliquez ici pour lire l&rsquo;article depuis sa source.<\/a><\/p>\n","protected":false},"excerpt":{"rendered":"<p>L&rsquo;\u00e9limination de Melih s&rsquo;ajoute \u00e0 celle d&rsquo;Oussama Sahnoune&#8230; Auteur: Cliquez ici pour lire l&rsquo;article depuis sa source.<\/p>\n","protected":false},"author":1738,"featured_media":0,"comment_status":"closed","ping_status":"closed","sticky":false,"template":"","format":"standard","meta":{"fifu_image_url":"http:\/\/feeds.feedburner.com\/~r\/GalerieFArtciles\/~4\/6s0tzO91peA","fifu_image_alt":"JO-2020\/Natation (dames): Melih \u00e9limin\u00e9e dans les s\u00e9ries","footnotes":""},"categories":[53,75],"tags":[],"class_list":["post-122617","post","type-post","status-publish","format-standard","hentry","category-algerie","category-sport"],"_links":{"self":[{"href":"https:\/\/linitiative.ca\/International\/wp-json\/wp\/v2\/posts\/122617","targetHints":{"allow":["GET"]}}],"collection":[{"href":"https:\/\/linitiative.ca\/International\/wp-json\/wp\/v2\/posts"}],"about":[{"href":"https:\/\/linitiative.ca\/International\/wp-json\/wp\/v2\/types\/post"}],"author":[{"embeddable":true,"href":"https:\/\/linitiative.ca\/International\/wp-json\/wp\/v2\/users\/1738"}],"replies":[{"embeddable":true,"href":"https:\/\/linitiative.ca\/International\/wp-json\/wp\/v2\/comments?post=122617"}],"version-history":[{"count":0,"href":"https:\/\/linitiative.ca\/International\/wp-json\/wp\/v2\/posts\/122617\/revisions"}],"wp:attachment":[{"href":"https:\/\/linitiative.ca\/International\/wp-json\/wp\/v2\/media?parent=122617"}],"wp:term":[{"taxonomy":"category","embeddable":true,"href":"https:\/\/linitiative.ca\/International\/wp-json\/wp\/v2\/categories?post=122617"},{"taxonomy":"post_tag","embeddable":true,"href":"https:\/\/linitiative.ca\/International\/wp-json\/wp\/v2\/tags?post=122617"}],"curies":[{"name":"wp","href":"https:\/\/api.w.org\/{rel}","templated":true}]}}