{"id":122620,"date":"2021-07-28T13:12:00","date_gmt":"2021-07-28T17:12:00","guid":{"rendered":"https:\/\/linitiative.ca\/International\/jo-2020-cyclisme-un-responsable-de-lequipe-allemande-traite-le-cycliste-algerien-de-chamelier\/"},"modified":"2021-07-28T13:12:00","modified_gmt":"2021-07-28T17:12:00","slug":"jo-2020-cyclisme-un-responsable-de-lequipe-allemande-traite-le-cycliste-algerien-de-chamelier","status":"publish","type":"post","link":"https:\/\/linitiative.ca\/International\/jo-2020-cyclisme-un-responsable-de-lequipe-allemande-traite-le-cycliste-algerien-de-chamelier\/","title":{"rendered":"JO-2020\/Cyclisme : Un responsable de l&rsquo;\u00e9quipe allemande traite le cycliste alg\u00e9rien de \u00ab\u00a0chamelier\u00a0\u00bb"},"content":{"rendered":"<div>Patrick Moster, le directeur sportif de l&rsquo;\u00e9quipe d&rsquo;Allemagne, a \u00e9t\u00e9 film\u00e9 en train de tenir des propos racistes, mercredi lors du contre-la-montre des Jeux Olympiques de Tokyo<img loading=\"lazy\" decoding=\"async\" src=\"http:\/\/feeds.feedburner.com\/~r\/GalerieFArtciles\/~4\/_Xz2wBRh2vM\" height=\"1\" width=\"1\" alt=\"\"><\/div>\n<p>Auteur:<br \/>\n<a href=\"http:\/\/www.lebuteur.com\/article\/detail?titre=jo-2020-cyclisme-un-responsable-de-lequipe-allemande-traite-le-cycliste-algerien-de-chamelier&#038;id=100722&#038;utm_source=feedburner&#038;utm_medium=feed&#038;utm_campaign=Feed%3A+GalerieFArtciles+%28Les+derniers+articles++-+lebuteur.com%29\">Cliquez ici pour lire l&rsquo;article depuis sa source.<\/a><\/p>\n","protected":false},"excerpt":{"rendered":"<p>Patrick Moster, le directeur sportif de l&rsquo;\u00e9quipe d&rsquo;Allemagne, a \u00e9t\u00e9 film\u00e9 en train de tenir des propos racistes, mercredi lors du contre-la-montre des Jeux Olympiques de Tokyo Auteur: Cliquez ici pour lire l&rsquo;article depuis sa source.<\/p>\n","protected":false},"author":1738,"featured_media":0,"comment_status":"closed","ping_status":"closed","sticky":false,"template":"","format":"standard","meta":{"fifu_image_url":"http:\/\/feeds.feedburner.com\/~r\/GalerieFArtciles\/~4\/_Xz2wBRh2vM","fifu_image_alt":"<div>JO-2020\/Cyclisme : Un responsable de l'\u00e9quipe allemande traite le cycliste alg\u00e9rien de \"chamelier\"<\/div>","footnotes":""},"categories":[53,75],"tags":[],"class_list":["post-122620","post","type-post","status-publish","format-standard","hentry","category-algerie","category-sport"],"_links":{"self":[{"href":"https:\/\/linitiative.ca\/International\/wp-json\/wp\/v2\/posts\/122620","targetHints":{"allow":["GET"]}}],"collection":[{"href":"https:\/\/linitiative.ca\/International\/wp-json\/wp\/v2\/posts"}],"about":[{"href":"https:\/\/linitiative.ca\/International\/wp-json\/wp\/v2\/types\/post"}],"author":[{"embeddable":true,"href":"https:\/\/linitiative.ca\/International\/wp-json\/wp\/v2\/users\/1738"}],"replies":[{"embeddable":true,"href":"https:\/\/linitiative.ca\/International\/wp-json\/wp\/v2\/comments?post=122620"}],"version-history":[{"count":0,"href":"https:\/\/linitiative.ca\/International\/wp-json\/wp\/v2\/posts\/122620\/revisions"}],"wp:attachment":[{"href":"https:\/\/linitiative.ca\/International\/wp-json\/wp\/v2\/media?parent=122620"}],"wp:term":[{"taxonomy":"category","embeddable":true,"href":"https:\/\/linitiative.ca\/International\/wp-json\/wp\/v2\/categories?post=122620"},{"taxonomy":"post_tag","embeddable":true,"href":"https:\/\/linitiative.ca\/International\/wp-json\/wp\/v2\/tags?post=122620"}],"curies":[{"name":"wp","href":"https:\/\/api.w.org\/{rel}","templated":true}]}}