{"id":122621,"date":"2021-07-28T15:04:00","date_gmt":"2021-07-28T19:04:00","guid":{"rendered":"https:\/\/linitiative.ca\/International\/naples-ounas-dans-le-viseur-dun-club-italien\/"},"modified":"2021-07-28T15:04:00","modified_gmt":"2021-07-28T19:04:00","slug":"naples-ounas-dans-le-viseur-dun-club-italien","status":"publish","type":"post","link":"https:\/\/linitiative.ca\/International\/naples-ounas-dans-le-viseur-dun-club-italien\/","title":{"rendered":"Naples : Ounas dans le viseur d&rsquo;un club italien"},"content":{"rendered":"<div>Annonc\u00e9 il y a peu du c\u00f4t\u00e9 de l\u2019Olympique de Marseille, l\u2019ailier Adam Ounas pourrait finalement \u00e9chapper au club phoc\u00e9en et rester en Italie.<img loading=\"lazy\" decoding=\"async\" src=\"http:\/\/feeds.feedburner.com\/~r\/GalerieFArtciles\/~4\/7l27fUInM3Y\" height=\"1\" width=\"1\" alt=\"\"><\/div>\n<p>Auteur:<br \/>\n<a href=\"http:\/\/www.lebuteur.com\/article\/detail?titre=naples-ounas-dans-le-viseur-dun-club-italien&#038;id=100723&#038;utm_source=feedburner&#038;utm_medium=feed&#038;utm_campaign=Feed%3A+GalerieFArtciles+%28Les+derniers+articles++-+lebuteur.com%29\">Cliquez ici pour lire l&rsquo;article depuis sa source.<\/a><\/p>\n","protected":false},"excerpt":{"rendered":"<p>Annonc\u00e9 il y a peu du c\u00f4t\u00e9 de l\u2019Olympique de Marseille, l\u2019ailier Adam Ounas pourrait finalement \u00e9chapper au club phoc\u00e9en et rester en Italie. Auteur: Cliquez ici pour lire l&rsquo;article depuis sa source.<\/p>\n","protected":false},"author":1738,"featured_media":0,"comment_status":"closed","ping_status":"closed","sticky":false,"template":"","format":"standard","meta":{"fifu_image_url":"http:\/\/feeds.feedburner.com\/~r\/GalerieFArtciles\/~4\/7l27fUInM3Y","fifu_image_alt":"<div>Naples : Ounas dans le viseur d'un club italien<\/div>","footnotes":""},"categories":[53,75],"tags":[],"class_list":["post-122621","post","type-post","status-publish","format-standard","hentry","category-algerie","category-sport"],"_links":{"self":[{"href":"https:\/\/linitiative.ca\/International\/wp-json\/wp\/v2\/posts\/122621","targetHints":{"allow":["GET"]}}],"collection":[{"href":"https:\/\/linitiative.ca\/International\/wp-json\/wp\/v2\/posts"}],"about":[{"href":"https:\/\/linitiative.ca\/International\/wp-json\/wp\/v2\/types\/post"}],"author":[{"embeddable":true,"href":"https:\/\/linitiative.ca\/International\/wp-json\/wp\/v2\/users\/1738"}],"replies":[{"embeddable":true,"href":"https:\/\/linitiative.ca\/International\/wp-json\/wp\/v2\/comments?post=122621"}],"version-history":[{"count":0,"href":"https:\/\/linitiative.ca\/International\/wp-json\/wp\/v2\/posts\/122621\/revisions"}],"wp:attachment":[{"href":"https:\/\/linitiative.ca\/International\/wp-json\/wp\/v2\/media?parent=122621"}],"wp:term":[{"taxonomy":"category","embeddable":true,"href":"https:\/\/linitiative.ca\/International\/wp-json\/wp\/v2\/categories?post=122621"},{"taxonomy":"post_tag","embeddable":true,"href":"https:\/\/linitiative.ca\/International\/wp-json\/wp\/v2\/tags?post=122621"}],"curies":[{"name":"wp","href":"https:\/\/api.w.org\/{rel}","templated":true}]}}