{"id":122626,"date":"2021-07-28T04:47:00","date_gmt":"2021-07-28T08:47:00","guid":{"rendered":"https:\/\/linitiative.ca\/International\/mohamed-kerrou-kais-saied-ou-la-revanche-legitime-de-letat-et-de-la-societe\/"},"modified":"2021-07-28T04:47:00","modified_gmt":"2021-07-28T08:47:00","slug":"mohamed-kerrou-kais-saied-ou-la-revanche-legitime-de-letat-et-de-la-societe","status":"publish","type":"post","link":"https:\/\/linitiative.ca\/International\/mohamed-kerrou-kais-saied-ou-la-revanche-legitime-de-letat-et-de-la-societe\/","title":{"rendered":"Mohamed Kerrou: Kais Saied ou la revanche l\u00e9gitime de l\u2019\u00c9tat et de la soci\u00e9t\u00e9"},"content":{"rendered":"<div><img decoding=\"async\" src=\"https:\/\/linitiative.ca\/International\/wp-content\/uploads\/sites\/23\/2021\/07\/1627459769_article.jpg\" alt=\"Mohamed Kerrou: Kais Saied ou la revanche l\u00e9gitime de l\u2019\u00c9tat et de la soci\u00e9t\u00e9\" align=\"left\">Le 25 juillet 2021 constitue, pour la m\u00e9moire nationale, un \u00e9v\u00e8nement historique \u00e0 valeur hautement symbolique, similaire sans \u00eatre identique au 14 janvier 2011 qui marque la chute de l\u2019ancien r\u00e9gime.<br \/>\nPour pouvoir aboutir, les d\u00e9cisions politiques du Pr\u00e9sident de la R\u00e9publique devaient \u00eatre prises ce jour-l\u00e0, ni avant, ni apr\u00e8s. C\u2019\u00e9tait le moment ou jamais et force est de reconna\u00eetre que Kais Said a \u00e9t\u00e9 \u00e0 la hauteur de l\u2019\u00e9v\u00e9nement-rupture, en se constituant comme acteur majeur de l\u2019histoire.\u00a0<br \/>\nCertes, de fausses rumeurs et de vraies suppositions avaient circul\u00e9, depuis des mois, sur une \u00e9ventuelle reprise en main, par Carthage, de la destin\u00e9e d\u2019un pays &#8230;<\/p>\n<\/div>\n<p>Auteur:<br \/>\n<a href=\"https:\/\/www.leaders.com.tn\/article\/32206-mohamed-kerrou-kais-saied-ou-la-revanche-legitime-de-l-etat-et-de-la-societe\">Cliquez ici pour lire l&rsquo;article depuis sa source.<\/a><\/p>\n","protected":false},"excerpt":{"rendered":"<p>Le 25 juillet 2021 constitue, pour la m\u00e9moire nationale, un \u00e9v\u00e8nement historique \u00e0 valeur hautement symbolique, similaire sans \u00eatre identique au 14 janvier 2011 qui marque la chute de l\u2019ancien r\u00e9gime. Pour pouvoir aboutir, les d\u00e9cisions politiques du Pr\u00e9sident de la R\u00e9publique devaient \u00eatre prises ce jour-l\u00e0, ni avant, ni apr\u00e8s. C\u2019\u00e9tait le moment ou [&hellip;]<\/p>\n","protected":false},"author":1772,"featured_media":0,"comment_status":"closed","ping_status":"closed","sticky":false,"template":"","format":"standard","meta":{"fifu_image_url":"http:\/\/www.leaders.com.tn\/uploads\/content\/thumbnails_small\/1627459769_article.jpg","fifu_image_alt":"Mohamed Kerrou: Kais Saied ou la revanche l\u00e9gitime de l\u2019\u00c9tat et de la soci\u00e9t\u00e9","footnotes":""},"categories":[73,55],"tags":[],"class_list":["post-122626","post","type-post","status-publish","format-standard","hentry","category-actualite","category-tunisie"],"_links":{"self":[{"href":"https:\/\/linitiative.ca\/International\/wp-json\/wp\/v2\/posts\/122626","targetHints":{"allow":["GET"]}}],"collection":[{"href":"https:\/\/linitiative.ca\/International\/wp-json\/wp\/v2\/posts"}],"about":[{"href":"https:\/\/linitiative.ca\/International\/wp-json\/wp\/v2\/types\/post"}],"author":[{"embeddable":true,"href":"https:\/\/linitiative.ca\/International\/wp-json\/wp\/v2\/users\/1772"}],"replies":[{"embeddable":true,"href":"https:\/\/linitiative.ca\/International\/wp-json\/wp\/v2\/comments?post=122626"}],"version-history":[{"count":0,"href":"https:\/\/linitiative.ca\/International\/wp-json\/wp\/v2\/posts\/122626\/revisions"}],"wp:attachment":[{"href":"https:\/\/linitiative.ca\/International\/wp-json\/wp\/v2\/media?parent=122626"}],"wp:term":[{"taxonomy":"category","embeddable":true,"href":"https:\/\/linitiative.ca\/International\/wp-json\/wp\/v2\/categories?post=122626"},{"taxonomy":"post_tag","embeddable":true,"href":"https:\/\/linitiative.ca\/International\/wp-json\/wp\/v2\/tags?post=122626"}],"curies":[{"name":"wp","href":"https:\/\/api.w.org\/{rel}","templated":true}]}}