{"id":122630,"date":"2021-07-28T12:59:48","date_gmt":"2021-07-28T16:59:48","guid":{"rendered":"https:\/\/linitiative.ca\/International\/cgem-samia-terhzaz-nommee-directrice-generale-deleguee\/"},"modified":"2021-07-28T12:59:48","modified_gmt":"2021-07-28T16:59:48","slug":"cgem-samia-terhzaz-nommee-directrice-generale-deleguee","status":"publish","type":"post","link":"https:\/\/linitiative.ca\/International\/cgem-samia-terhzaz-nommee-directrice-generale-deleguee\/","title":{"rendered":"CGEM. Samia Terhzaz nomm\u00e9e Directrice g\u00e9n\u00e9rale d\u00e9l\u00e9gu\u00e9e"},"content":{"rendered":"<div><img decoding=\"async\" width=\"602\" height=\"440\" src=\"https:\/\/linitiative.ca\/International\/wp-content\/uploads\/sites\/23\/2021\/07\/SAM.jpg\" class=\"attachment-post-thumbnail size-post-thumbnail wp-post-image\" alt=\"\" loading=\"lazy\" srcset=\"https:\/\/linitiative.ca\/International\/wp-content\/uploads\/sites\/23\/2021\/07\/SAM.jpg 602w, https:\/\/www.challenge.ma\/wp-content\/uploads\/2021\/07\/SAM-300x219.jpg 300w, https:\/\/www.challenge.ma\/wp-content\/uploads\/2021\/07\/SAM-360x263.jpg 360w\" sizes=\"auto, (max-width: 602px) 100vw, 602px\" itemprop=\"image\">Samia Terhzaz vient d\u2019\u00eatre nomm\u00e9e au poste de directeur g\u00e9n\u00e9ral d\u00e9l\u00e9gu\u00e9 de la CGEM. Jusque-l\u00e0,\u00a0 secr\u00e9taire g\u00e9n\u00e9rale de la Conf\u00e9d\u00e9ration patronale, elle remplace Jalal Charaf qui a pr\u00e9sent\u00e9 sa d\u00e9mission au mois de mai dernier. On conna\u00eet le successeur de Jalal Charaf au poste de directeur g\u00e9n\u00e9ral d\u00e9l\u00e9gu\u00e9 de la<\/div>\n<p>Auteur: challenge<br \/>\n<a href=\"https:\/\/www.challenge.ma\/cgem-samia-terhzaz-nommee-directrice-generale-deleguee-194227\/\">Cliquez ici pour lire l&rsquo;article depuis sa source.<\/a><\/p>\n","protected":false},"excerpt":{"rendered":"<p>Samia Terhzaz vient d\u2019\u00eatre nomm\u00e9e au poste de directeur g\u00e9n\u00e9ral d\u00e9l\u00e9gu\u00e9 de la CGEM. Jusque-l\u00e0,\u00a0 secr\u00e9taire g\u00e9n\u00e9rale de la Conf\u00e9d\u00e9ration patronale, elle remplace Jalal Charaf qui a pr\u00e9sent\u00e9 sa d\u00e9mission au mois de mai dernier. On conna\u00eet le successeur de Jalal Charaf au poste de directeur g\u00e9n\u00e9ral d\u00e9l\u00e9gu\u00e9 de la Auteur: challenge Cliquez ici pour [&hellip;]<\/p>\n","protected":false},"author":1787,"featured_media":0,"comment_status":"closed","ping_status":"closed","sticky":false,"template":"","format":"standard","meta":{"fifu_image_url":"https:\/\/www.challenge.ma\/wp-content\/uploads\/2021\/07\/SAM.jpg","fifu_image_alt":"CGEM. Samia Terhzaz nomm\u00e9e Directrice g\u00e9n\u00e9rale d\u00e9l\u00e9gu\u00e9e","footnotes":""},"categories":[78,54],"tags":[],"class_list":["post-122630","post","type-post","status-publish","format-standard","hentry","category-economie","category-maroc"],"_links":{"self":[{"href":"https:\/\/linitiative.ca\/International\/wp-json\/wp\/v2\/posts\/122630","targetHints":{"allow":["GET"]}}],"collection":[{"href":"https:\/\/linitiative.ca\/International\/wp-json\/wp\/v2\/posts"}],"about":[{"href":"https:\/\/linitiative.ca\/International\/wp-json\/wp\/v2\/types\/post"}],"author":[{"embeddable":true,"href":"https:\/\/linitiative.ca\/International\/wp-json\/wp\/v2\/users\/1787"}],"replies":[{"embeddable":true,"href":"https:\/\/linitiative.ca\/International\/wp-json\/wp\/v2\/comments?post=122630"}],"version-history":[{"count":0,"href":"https:\/\/linitiative.ca\/International\/wp-json\/wp\/v2\/posts\/122630\/revisions"}],"wp:attachment":[{"href":"https:\/\/linitiative.ca\/International\/wp-json\/wp\/v2\/media?parent=122630"}],"wp:term":[{"taxonomy":"category","embeddable":true,"href":"https:\/\/linitiative.ca\/International\/wp-json\/wp\/v2\/categories?post=122630"},{"taxonomy":"post_tag","embeddable":true,"href":"https:\/\/linitiative.ca\/International\/wp-json\/wp\/v2\/tags?post=122630"}],"curies":[{"name":"wp","href":"https:\/\/api.w.org\/{rel}","templated":true}]}}