{"id":122632,"date":"2021-07-28T13:14:08","date_gmt":"2021-07-28T17:14:08","guid":{"rendered":"https:\/\/linitiative.ca\/International\/joey-hood-secretaire-detat-adjoint-americain-pour-le-proche-orient-la-position-americaine-sur-le-sahara-reste-inchangee\/"},"modified":"2021-07-28T13:14:08","modified_gmt":"2021-07-28T17:14:08","slug":"joey-hood-secretaire-detat-adjoint-americain-pour-le-proche-orient-la-position-americaine-sur-le-sahara-reste-inchangee","status":"publish","type":"post","link":"https:\/\/linitiative.ca\/International\/joey-hood-secretaire-detat-adjoint-americain-pour-le-proche-orient-la-position-americaine-sur-le-sahara-reste-inchangee\/","title":{"rendered":"Joey Hood, Secr\u00e9taire d\u2019\u00c9tat adjoint am\u00e9ricain pour le Proche-Orient : \u00ab La position am\u00e9ricaine sur le Sahara reste inchang\u00e9e \u00bb"},"content":{"rendered":"<div><img decoding=\"async\" width=\"1080\" height=\"810\" src=\"https:\/\/linitiative.ca\/International\/wp-content\/uploads\/sites\/23\/2021\/07\/challenge-USA.jpg\" class=\"attachment-post-thumbnail size-post-thumbnail wp-post-image\" alt=\"\" loading=\"lazy\" srcset=\"https:\/\/linitiative.ca\/International\/wp-content\/uploads\/sites\/23\/2021\/07\/challenge-USA.jpg 1080w, https:\/\/www.challenge.ma\/wp-content\/uploads\/2021\/07\/challenge-USA-300x225.jpg 300w, https:\/\/www.challenge.ma\/wp-content\/uploads\/2021\/07\/challenge-USA-1024x768.jpg 1024w, https:\/\/www.challenge.ma\/wp-content\/uploads\/2021\/07\/challenge-USA-768x576.jpg 768w, https:\/\/www.challenge.ma\/wp-content\/uploads\/2021\/07\/challenge-USA-360x270.jpg 360w, https:\/\/www.challenge.ma\/wp-content\/uploads\/2021\/07\/challenge-USA-750x563.jpg 750w\" sizes=\"auto, (max-width: 1080px) 100vw, 1080px\" itemprop=\"image\">Suite \u00e0 sa rencontre avec Nasser Bourita, ministre des Affaires \u00e9trang\u00e8res, Joey Hood, \u00a0le \u00a0secr\u00e9taire d\u2019\u00c9tat adjoint des \u00c9tats-Unis pour le Proche-Orient, en visite officielle au Maroc, a confirm\u00e9 le 28 juillet \u00e0 Rabat devant la presse que la position am\u00e9ricaine sur le Sahara marocain reste inchang\u00e9e. En d\u00e9cembre dernier,<\/div>\n<p>Auteur: challenge<br \/>\n<a href=\"https:\/\/www.challenge.ma\/joey-hood-secretaire-detat-adjoint-americain-pour-le-proche-orient-la-position-americaine-sur-le-sahara-reste-inchangee-194220\/\">Cliquez ici pour lire l&rsquo;article depuis sa source.<\/a><\/p>\n","protected":false},"excerpt":{"rendered":"<p>Suite \u00e0 sa rencontre avec Nasser Bourita, ministre des Affaires \u00e9trang\u00e8res, Joey Hood, \u00a0le \u00a0secr\u00e9taire d\u2019\u00c9tat adjoint des \u00c9tats-Unis pour le Proche-Orient, en visite officielle au Maroc, a confirm\u00e9 le 28 juillet \u00e0 Rabat devant la presse que la position am\u00e9ricaine sur le Sahara marocain reste inchang\u00e9e. En d\u00e9cembre dernier, Auteur: challenge Cliquez ici pour [&hellip;]<\/p>\n","protected":false},"author":1787,"featured_media":0,"comment_status":"closed","ping_status":"closed","sticky":false,"template":"","format":"standard","meta":{"fifu_image_url":"https:\/\/www.challenge.ma\/wp-content\/uploads\/2021\/07\/challenge-USA.jpg","fifu_image_alt":"Joey Hood, Secr\u00e9taire d\u2019\u00c9tat adjoint am\u00e9ricain pour le Proche-Orient : \u00ab La position am\u00e9ricaine sur le Sahara reste inchang\u00e9e \u00bb","footnotes":""},"categories":[78,54],"tags":[],"class_list":["post-122632","post","type-post","status-publish","format-standard","hentry","category-economie","category-maroc"],"_links":{"self":[{"href":"https:\/\/linitiative.ca\/International\/wp-json\/wp\/v2\/posts\/122632","targetHints":{"allow":["GET"]}}],"collection":[{"href":"https:\/\/linitiative.ca\/International\/wp-json\/wp\/v2\/posts"}],"about":[{"href":"https:\/\/linitiative.ca\/International\/wp-json\/wp\/v2\/types\/post"}],"author":[{"embeddable":true,"href":"https:\/\/linitiative.ca\/International\/wp-json\/wp\/v2\/users\/1787"}],"replies":[{"embeddable":true,"href":"https:\/\/linitiative.ca\/International\/wp-json\/wp\/v2\/comments?post=122632"}],"version-history":[{"count":0,"href":"https:\/\/linitiative.ca\/International\/wp-json\/wp\/v2\/posts\/122632\/revisions"}],"wp:attachment":[{"href":"https:\/\/linitiative.ca\/International\/wp-json\/wp\/v2\/media?parent=122632"}],"wp:term":[{"taxonomy":"category","embeddable":true,"href":"https:\/\/linitiative.ca\/International\/wp-json\/wp\/v2\/categories?post=122632"},{"taxonomy":"post_tag","embeddable":true,"href":"https:\/\/linitiative.ca\/International\/wp-json\/wp\/v2\/tags?post=122632"}],"curies":[{"name":"wp","href":"https:\/\/api.w.org\/{rel}","templated":true}]}}